{"id":4263,"date":"2025-05-16T16:10:16","date_gmt":"2025-05-16T15:10:16","guid":{"rendered":"https:\/\/blog.makila.fr\/voyage-sur-mesure\/?p=4263"},"modified":"2025-07-18T13:56:55","modified_gmt":"2025-07-18T12:56:55","slug":"une-journee-dans-le-parc-national-de-corcovado-immersion-sensorielle-en-pleine-jungle-costaricienne","status":"publish","type":"post","link":"https:\/\/blog.makila.fr\/voyage-sur-mesure\/une-journee-dans-le-parc-national-de-corcovado-immersion-sensorielle-en-pleine-jungle-costaricienne\/","title":{"rendered":"A la d\u00e9couverte du parc national de Corcovado : immersion sensorielle en pleine jungle costaricienne"},"content":{"rendered":"\n<p>Novembre marque la fin de la saison des pluies au Costa Rica, o\u00f9 le printemps tropical s\u2019installe doucement. On y respire une odeur de terre mouill\u00e9e, la v\u00e9g\u00e9tation est plus luxuriante que jamais et les fruits exotiques commencent \u00e0 m\u00fbrir au soleil\u2026 C\u2019est le moment qu\u2019a choisi Ana\u00eblle, experte de l\u2019Am\u00e9rique latine chez Makila Voyages, pour partir \u00e0 l\u2019aventure au pays de la Pura vida.<\/p>\n\n\n\n<!--more-->\n\n\n\n<p>Durant son voyage, Ana\u00eblle a pass\u00e9 plusieurs jours au c\u0153ur de la fameuse p\u00e9ninsule d\u2019Osa, bras de terre qui s\u2019avance majestueusement dans l\u2019oc\u00e9an Pacifique, \u00e0 l\u2019Ouest du pays. Elle en a profit\u00e9 pour explorer le parc national de Corcovado, l\u2019un des joyaux naturels du Costa Rica. Enti\u00e8rement recouvert de jungle, il n\u2019est accessible qu\u2019en bateau via les plages c\u00f4ti\u00e8res, seule entr\u00e9e possible dans cet univers dense, sauvage et pr\u00e9serv\u00e9\u2026<\/p>\n\n\n\n<figure class=\"wp-block-image size-full\"><img loading=\"lazy\" width=\"1000\" height=\"661\" src=\"https:\/\/blog.makila.fr\/voyage-sur-mesure\/wp-content\/uploads\/2025\/05\/Voyage-Costa-Rica-1.jpg\" alt=\"\" class=\"wp-image-4264\" srcset=\"https:\/\/blog.makila.fr\/voyage-sur-mesure\/wp-content\/uploads\/2025\/05\/Voyage-Costa-Rica-1.jpg 1000w, https:\/\/blog.makila.fr\/voyage-sur-mesure\/wp-content\/uploads\/2025\/05\/Voyage-Costa-Rica-1-300x198.jpg 300w, https:\/\/blog.makila.fr\/voyage-sur-mesure\/wp-content\/uploads\/2025\/05\/Voyage-Costa-Rica-1-768x508.jpg 768w\" sizes=\"(max-width: 1000px) 100vw, 1000px\" \/><\/figure>\n\n\n\n<p>Ana\u00eblle a bien voulu partager son aventure avec nous :<\/p>\n\n\n\n<p>\u201cNous avions choisi de s\u00e9journer au <a href=\"https:\/\/www.makila.fr\/hotels\/1215-la-paloma-lodge-drake-bay-peninsule-d-osa\"><strong>Paloma lodge<\/strong>, superbe \u201cfinca\u201d nich\u00e9e sur une colline dans la for\u00eat, avec vue sur le Pacifique<\/a>. C\u2019est un endroit privil\u00e9gi\u00e9 et nous avions d\u00e9j\u00e0 le sentiment de vivre au milieu d\u2019une nature intacte\u2026 j\u2019\u00e9tais loin d\u2019imaginer ce que me r\u00e9servait le Corcovado !<\/p>\n\n\n\n<figure class=\"wp-block-image size-full\"><img loading=\"lazy\" width=\"1000\" height=\"749\" src=\"https:\/\/blog.makila.fr\/voyage-sur-mesure\/wp-content\/uploads\/2025\/05\/Voyage-Costa-Rica-2.jpg\" alt=\"\" class=\"wp-image-4265\" srcset=\"https:\/\/blog.makila.fr\/voyage-sur-mesure\/wp-content\/uploads\/2025\/05\/Voyage-Costa-Rica-2.jpg 1000w, https:\/\/blog.makila.fr\/voyage-sur-mesure\/wp-content\/uploads\/2025\/05\/Voyage-Costa-Rica-2-300x225.jpg 300w, https:\/\/blog.makila.fr\/voyage-sur-mesure\/wp-content\/uploads\/2025\/05\/Voyage-Costa-Rica-2-768x575.jpg 768w\" sizes=\"(max-width: 1000px) 100vw, 1000px\" \/><figcaption><em>Cr\u00e9dit photo : Paloma Lodge<\/em><\/figcaption><\/figure>\n\n\n\n<p>Le d\u00e9part a eu lieu \u00e0 l\u2019aube : un chauffeur est venu nous chercher \u00e0 La Paloma pour nous conduire jusqu\u2019\u00e0 la plage de Drake, au pied de la colline, point de d\u00e9part de l\u2019aventure.<\/p>\n\n\n\n<p>Nous avons embarqu\u00e9 \u00e0 bord d\u2019un petit bateau d&rsquo;une dizaine de places, que nous avons partag\u00e9 avec d\u2019autres voyageurs. Le trajet d\u20191h20 le long de la c\u00f4te n\u2019est pas qu\u2019un simple transfert : c\u2019est d\u00e9j\u00e0 une excursion en soi. La plupart du temps, la mer est calme et l\u2019on peut y croiser des baleines, des dauphins ou encore des tortues marines&#8230; En chemin, nous avons approch\u00e9 une cascade tombant directement dans la mer, dans une crique class\u00e9e parmi les plus belles plages du monde !<\/p>\n\n\n\n<h2><strong>La Sirena, porte d\u2019entr\u00e9e vers la jungle profonde<\/strong><\/h2>\n\n\n\n<p>Nous avons accost\u00e9 sur la plage de Sirena, petite langue de sable nich\u00e9e entre for\u00eat dense et oc\u00e9an sauvage. Une gu\u00e9rite nous attendait \u00e0 l\u2019entr\u00e9e de la jungle : contr\u00f4le des passeports, fouille des sacs, interdiction stricte de plastique et de nourriture \u2014 on comprend combien la nature est respect\u00e9e ici.<\/p>\n\n\n\n<figure class=\"wp-block-image size-full\"><img loading=\"lazy\" width=\"1000\" height=\"662\" src=\"https:\/\/blog.makila.fr\/voyage-sur-mesure\/wp-content\/uploads\/2025\/05\/Voyage-Costa-Rica-3.jpg\" alt=\"\" class=\"wp-image-4266\" srcset=\"https:\/\/blog.makila.fr\/voyage-sur-mesure\/wp-content\/uploads\/2025\/05\/Voyage-Costa-Rica-3.jpg 1000w, https:\/\/blog.makila.fr\/voyage-sur-mesure\/wp-content\/uploads\/2025\/05\/Voyage-Costa-Rica-3-300x199.jpg 300w, https:\/\/blog.makila.fr\/voyage-sur-mesure\/wp-content\/uploads\/2025\/05\/Voyage-Costa-Rica-3-768x508.jpg 768w\" sizes=\"(max-width: 1000px) 100vw, 1000px\" \/><\/figure>\n\n\n\n<p>Le parc de Corcovado est sans doute celui o\u00f9 l\u2019on ressent le plus le c\u00f4t\u00e9 brut et sauvage de la jungle costaricienne. Pas de sentiers balis\u00e9s comme \u00e0 Tortuguero ou Manuel Antonio : tout se fait \u00e0 pied, en petits groupes, avec un guide local exp\u00e9riment\u00e9.<br>Le n\u00f4tre, Manuel, s\u2019est avanc\u00e9 en souriant et nous a expliqu\u00e9 les r\u00e8gles : parler doucement, ouvrir l\u2019\u0153il, ne pas marcher trop vite&#8230; On peut observer un animal aussi longtemps qu\u2019on le souhaite, mais quand il a d\u00e9cid\u00e9 de s\u2019en aller, on ne le suit pas.<br>Il n\u2019en fallait pas plus pour \u00e9veiller ma curiosit\u00e9 et sentir monter l\u2019adr\u00e9naline\u2026 il me tardait de d\u00e9couvrir cette nature !<\/p>\n\n\n\n<p>Arm\u00e9s de jumelles et d\u2019une longue-vue, nous avons commenc\u00e9 la marche au lever du jour. Apr\u00e8s quelques pas sur la plage, nous avons p\u00e9n\u00e9tr\u00e9 dans la jungle, qui s\u2019est rapidement referm\u00e9e autour de nous : lianes, feuillage vert vif, troncs massifs, et un concert permanent de bruissements dans les feuilles. Tout est vivant, partout\u2026&nbsp;<\/p>\n\n\n\n<p>Manuel nous a expliqu\u00e9 que quatre esp\u00e8ces diff\u00e9rentes de singes vivaient dans le parc : les sa\u00efmiris, les capucins, les singes-araign\u00e9es et les singes hurleurs. Il arrive que l\u2019on rencontre ces quatre esp\u00e8ces dans une m\u00eame journ\u00e9e, alors nous ouvrons l&rsquo;\u0153il, d\u00e9termin\u00e9s \u00e0 faire partie de ces chanceux.<\/p>\n\n\n\n<p>Au bout d\u2019une demi-heure, nous sommes arriv\u00e9s sur une immense plage de sable noir. L\u00e0, une trentaine de cochons sauvages, qu\u2019on appelle \u00ab\u00a0p\u00e9caris\u00a0\u00bb, fouillait les algues ramen\u00e9es par la mer. Ils sont typiques d\u2019Am\u00e9rique centrale et du Sud. C\u2019est fascinant de voir ces animaux d\u2019aussi pr\u00e8s, sans que l\u2019on semble exister pour eux ! Nous les avons observ\u00e9s dans la tranquillit\u00e9 du petit matin. Je sentais que je commen\u00e7ais \u00e0 m\u2019impr\u00e9gner de cet univers sauvage et apaisant.<\/p>\n\n\n\n<figure class=\"wp-block-image size-full\"><img loading=\"lazy\" width=\"1000\" height=\"664\" src=\"https:\/\/blog.makila.fr\/voyage-sur-mesure\/wp-content\/uploads\/2025\/05\/Voyage-Costa-Rica-4.jpg\" alt=\"\" class=\"wp-image-4267\" srcset=\"https:\/\/blog.makila.fr\/voyage-sur-mesure\/wp-content\/uploads\/2025\/05\/Voyage-Costa-Rica-4.jpg 1000w, https:\/\/blog.makila.fr\/voyage-sur-mesure\/wp-content\/uploads\/2025\/05\/Voyage-Costa-Rica-4-300x199.jpg 300w, https:\/\/blog.makila.fr\/voyage-sur-mesure\/wp-content\/uploads\/2025\/05\/Voyage-Costa-Rica-4-768x510.jpg 768w\" sizes=\"(max-width: 1000px) 100vw, 1000px\" \/><\/figure>\n\n\n\n<h2><strong>Une randonn\u00e9e immersive et pleine de vie<\/strong><\/h2>\n\n\n\n<p>Apr\u00e8s avoir march\u00e9 un long moment dans la jungle, nous sommes arriv\u00e9s \u00e0 l\u2019entr\u00e9e d\u2019une grande clairi\u00e8re. C\u2019est l\u00e0 que nous avons aper\u00e7u, cach\u00e9s dans un grand arbre, les premiers sa\u00efmiris, ces tout petits singes malicieux proches des ouistitis, et tr\u00e8s agiles. Nous \u00e9tions ravis car ce sont les plus difficiles \u00e0 rep\u00e9rer ! Sauts furtifs, bruissements de feuilles : on devine leur pr\u00e9sence plus qu\u2019on ne les voit. Mais gr\u00e2ce \u00e0 la longue-vue de Manuel, nous avons pu les observer avec pr\u00e9cision.<\/p>\n\n\n\n<div class=\"wp-container-3 wp-block-columns\">\n<div class=\"wp-container-1 wp-block-column\">\n<figure class=\"wp-block-image size-full\"><img loading=\"lazy\" width=\"400\" height=\"533\" src=\"https:\/\/blog.makila.fr\/voyage-sur-mesure\/wp-content\/uploads\/2025\/05\/Voyage-Costa-Rica-5.jpg\" alt=\"\" class=\"wp-image-4268\" srcset=\"https:\/\/blog.makila.fr\/voyage-sur-mesure\/wp-content\/uploads\/2025\/05\/Voyage-Costa-Rica-5.jpg 400w, https:\/\/blog.makila.fr\/voyage-sur-mesure\/wp-content\/uploads\/2025\/05\/Voyage-Costa-Rica-5-225x300.jpg 225w\" sizes=\"(max-width: 400px) 100vw, 400px\" \/><\/figure>\n<\/div>\n\n\n\n<div class=\"wp-container-2 wp-block-column\">\n<p>Plus loin, un oiseau de proie pos\u00e9 sur une branche, puis un motmot au plumage bleu, vert et orange, et m\u00eame des toucans s\u2019envolant entre les feuilles, facilement rep\u00e9rables gr\u00e2ce \u00e0 leur bec jaune vif.<\/p>\n\n\n\n<p>Puis, nous avons suivi une rivi\u00e8re jusqu\u2019\u00e0 son embouchure sur la plage, o\u00f9 Manuel s\u2019est arr\u00eat\u00e9 pour nous montrer, \u00e0 l\u2019aide de jumelles, des crocodiles qui s\u2019y pr\u00e9lassaient sous le soleil. La sc\u00e8ne \u00e9tait superbe : la jungle dans notre dos, la rivi\u00e8re \u00e0 nos pieds o\u00f9 baignaient les crocodiles, et l\u2019oc\u00e9an qui s\u2019\u00e9tendait \u00e0 perte de vue\u2026<\/p>\n<\/div>\n<\/div>\n\n\n\n<p>En continuant notre marche, nous sommes tomb\u00e9s nez \u00e0 nez avec des singes capucins qui grignotaient un fruit, \u00e0 moins d\u2019un m\u00e8tre de nous. Un moment suspendu o\u00f9 l\u2019on se regarde, chacun curieux de l\u2019autre. Puis, ils ont repris leur chemin, tranquilles.<\/p>\n\n\n\n<figure class=\"wp-block-image size-full\"><img loading=\"lazy\" width=\"1000\" height=\"845\" src=\"https:\/\/blog.makila.fr\/voyage-sur-mesure\/wp-content\/uploads\/2025\/05\/Voyage-Costa-Rica-6.jpg\" alt=\"\" class=\"wp-image-4269\" srcset=\"https:\/\/blog.makila.fr\/voyage-sur-mesure\/wp-content\/uploads\/2025\/05\/Voyage-Costa-Rica-6.jpg 1000w, https:\/\/blog.makila.fr\/voyage-sur-mesure\/wp-content\/uploads\/2025\/05\/Voyage-Costa-Rica-6-300x254.jpg 300w, https:\/\/blog.makila.fr\/voyage-sur-mesure\/wp-content\/uploads\/2025\/05\/Voyage-Costa-Rica-6-768x649.jpg 768w\" sizes=\"(max-width: 1000px) 100vw, 1000px\" \/><\/figure>\n\n\n\n<p>Vers 11h, nous nous sommes arr\u00eat\u00e9s pour une pause d\u00e9jeuner bien m\u00e9rit\u00e9e. Nous nous sommes attabl\u00e9s \u00e0 la terrasse d\u2019un b\u00e2timent en bois, le seul du parc, o\u00f9 l\u2019on trouve aussi un dortoir pour les aventuriers qui souhaiteraient y passer une nuit. Une petite pi\u00e8ce consacr\u00e9e \u00e0 la pr\u00e9servation du parc expose des photos de la biodiversit\u00e9 locale, prises par les cam\u00e9ras nocturnes.<\/p>\n\n\n\n<p>Nous avons d\u00e9gust\u00e9 un buffet simple, typique du Costa Rica, mais d\u00e9licieux : riz, haricots rouges, galettes de ma\u00efs, salades fra\u00eeches\u2026<br>Non loin de nous, des petits cochons noirs, les fameux p\u00e9caris, broutaient l\u2019herbe touffue.<\/p>\n\n\n\n<p>Apr\u00e8s une courte pause, Manuel est revenu nous chercher en nous lan\u00e7ant : <em>\u201cVenez vite, j\u2019ai rep\u00e9r\u00e9 des singes hurleurs !\u201d<\/em>. Nous les avons trouv\u00e9s tout pr\u00e8s du b\u00e2timent : une famille enti\u00e8re, perch\u00e9e sur un arbre gigantesque, leur cri r\u00e9sonnant dans toute la clairi\u00e8re\u2026<\/p>\n\n\n\n<h2><strong>De belles rencontres pour terminer l\u2019excursion<\/strong><\/h2>\n\n\n\n<p>La journ\u00e9e nous r\u00e9servait encore deux moments forts : peu de temps apr\u00e8s avoir repris notre marche, un \u00e9norme tapir est soudainement apparu sur notre chemin. L\u2019animal, paisible, \u00e9tait bien plus gros que je n\u2019aurais pu l\u2019imaginer ! Peu farouche, il mangeait tranquillement des feuilles, \u00e0 moins d\u2019un m\u00e8tre de nous.<br>Manuel nous expliqua \u00e0 demi-mot que les tapirs sortaient surtout en soir\u00e9e et que nous \u00e9tions chanceux de le rencontrer. Accroupis, nous l\u2019avons observ\u00e9 sans bouger, dans un silence quasi sacr\u00e9, d\u00e9gustant le moment\u2026 jusqu\u2019\u00e0 ce qu\u2019il d\u00e9cide de s\u2019en aller.<\/p>\n\n\n<div class=\"wp-block-image\">\n<figure class=\"aligncenter size-full\"><img loading=\"lazy\" width=\"500\" height=\"667\" src=\"https:\/\/blog.makila.fr\/voyage-sur-mesure\/wp-content\/uploads\/2025\/05\/Voyage-Costa-Rica-7.jpg\" alt=\"\" class=\"wp-image-4270\" srcset=\"https:\/\/blog.makila.fr\/voyage-sur-mesure\/wp-content\/uploads\/2025\/05\/Voyage-Costa-Rica-7.jpg 500w, https:\/\/blog.makila.fr\/voyage-sur-mesure\/wp-content\/uploads\/2025\/05\/Voyage-Costa-Rica-7-225x300.jpg 225w\" sizes=\"(max-width: 500px) 100vw, 500px\" \/><\/figure><\/div>\n\n\n<p>Il \u00e9tait d\u00e9j\u00e0 temps pour notre petit groupe de rebrousser chemin. Manuel nous fit longer la plage, o\u00f9 il n\u2019est pas rare de voir des animaux sortir de la for\u00eat. C\u2019\u00e9tait notre derni\u00e8re chance de rencontrer les singes-araign\u00e9es, les seuls que nous n\u2019avions pas encore crois\u00e9s !<br><br>Au bout d\u2019un certain temps, \u00e0 notre grande joie, ils sont apparus dans les arbres \u00e0 l\u2019or\u00e9e de la jungle. Avec leurs membres \u00e9lanc\u00e9s et leur queue qu\u2019ils utilisent comme une patte suppl\u00e9mentaire, ils \u00e9voluent sans bruit et avec une agilit\u00e9 fascinante, se grandissant, donnant effectivement l\u2019impression de voir une immense araign\u00e9e se d\u00e9placer dans les arbres. Nous sommes rest\u00e9s l\u00e0 pr\u00e8s d&rsquo;une demi-heure, \u00e0 les admirer jouer, se pourchasser, se nourrir de feuilles\u2026<\/p>\n\n\n<div class=\"wp-block-image\">\n<figure class=\"aligncenter size-full\"><img loading=\"lazy\" width=\"500\" height=\"750\" src=\"https:\/\/blog.makila.fr\/voyage-sur-mesure\/wp-content\/uploads\/2025\/05\/Voyage-Costa-Rica-8.jpg\" alt=\"\" class=\"wp-image-4271\" srcset=\"https:\/\/blog.makila.fr\/voyage-sur-mesure\/wp-content\/uploads\/2025\/05\/Voyage-Costa-Rica-8.jpg 500w, https:\/\/blog.makila.fr\/voyage-sur-mesure\/wp-content\/uploads\/2025\/05\/Voyage-Costa-Rica-8-200x300.jpg 200w\" sizes=\"(max-width: 500px) 100vw, 500px\" \/><\/figure><\/div>\n\n\n<p>En d\u00e9but d\u2019apr\u00e8s-midi, nous avons rejoint le bateau qui nous attendait pour nous ramener \u00e0 Drake Bay. Durant cette heure et demi de trajet, le soleil encore haut et des images de la jungle plein la t\u00eate, nous avons profit\u00e9 d\u2019une agr\u00e9able promenade sur l\u2019eau.<\/p>\n\n\n\n<p>Une fois arriv\u00e9s \u00e0 l\u2019h\u00f4tel, un petit go\u00fbter fait maison nous a \u00e9t\u00e9 servi. Fatigu\u00e9s mais heureux, nous nous sommes install\u00e9s autour de la table pour nous restaurer et \u00e9voquer les meilleurs moments de cette journ\u00e9e intense\u2026\u201d<\/p>\n\n\n\n<figure class=\"wp-block-image size-full\"><img loading=\"lazy\" width=\"1000\" height=\"667\" src=\"https:\/\/blog.makila.fr\/voyage-sur-mesure\/wp-content\/uploads\/2025\/05\/Voyage-Costa-Rica-9.jpg\" alt=\"\" class=\"wp-image-4272\" srcset=\"https:\/\/blog.makila.fr\/voyage-sur-mesure\/wp-content\/uploads\/2025\/05\/Voyage-Costa-Rica-9.jpg 1000w, https:\/\/blog.makila.fr\/voyage-sur-mesure\/wp-content\/uploads\/2025\/05\/Voyage-Costa-Rica-9-300x200.jpg 300w, https:\/\/blog.makila.fr\/voyage-sur-mesure\/wp-content\/uploads\/2025\/05\/Voyage-Costa-Rica-9-768x512.jpg 768w\" sizes=\"(max-width: 1000px) 100vw, 1000px\" \/><\/figure>\n\n\n\n<p>Le parc national de Corcovado offre bien plus qu\u2019une randonn\u00e9e dans la nature : c\u2019est une immersion sensorielle et animale dans l\u2019un des derniers territoires vraiment sauvages d\u2019Am\u00e9rique centrale.&nbsp;<\/p>\n\n\n\n<p>Ana\u00eblle a choisi de s\u2019y rendre au mois de novembre, mais le d\u00e9but d\u2019ann\u00e9e &#8211; janvier, f\u00e9vrier \u2014 ou m\u00eame le mois d\u2019ao\u00fbt sont \u00e9galement des mois propices \u00e0 l\u2019\u00e9vasion dans ce coin de nature exceptionnelle.<br>Pour en savoir plus <a href=\"https:\/\/www.makila.fr\/voyages\/pays\/28-costa-rica\">sur la p\u00e9ninsule d\u2019Osa ou sur le voyage d\u2019Ana\u00eblle au Costa Rica<\/a>, n\u2019h\u00e9sitez surtout pas \u00e0<a href=\"https:\/\/www.makila.fr\/voyages\/pays\/28-costa-rica#anchor-contact\"> nous contacter<\/a> !<br>L\u2019\u00e9quipe Makila saura vous \u00e9couter et vous donner les meilleurs conseils pour \u00e9laborer votre voyage sur-mesure.<\/p>\n\n\n\n<figure class=\"wp-block-image size-full\"><img loading=\"lazy\" width=\"1000\" height=\"667\" src=\"https:\/\/blog.makila.fr\/voyage-sur-mesure\/wp-content\/uploads\/2025\/05\/Voyage-Costa-Rica-10.jpg\" alt=\"\" class=\"wp-image-4273\" srcset=\"https:\/\/blog.makila.fr\/voyage-sur-mesure\/wp-content\/uploads\/2025\/05\/Voyage-Costa-Rica-10.jpg 1000w, https:\/\/blog.makila.fr\/voyage-sur-mesure\/wp-content\/uploads\/2025\/05\/Voyage-Costa-Rica-10-300x200.jpg 300w, https:\/\/blog.makila.fr\/voyage-sur-mesure\/wp-content\/uploads\/2025\/05\/Voyage-Costa-Rica-10-768x512.jpg 768w\" sizes=\"(max-width: 1000px) 100vw, 1000px\" \/><\/figure>\n","protected":false},"excerpt":{"rendered":"<p>Novembre marque la fin de la saison des pluies au Costa Rica, o\u00f9 le printemps tropical s\u2019installe doucement. On y respire une odeur de terre mouill\u00e9e, la v\u00e9g\u00e9tation est plus luxuriante que jamais et les fruits exotiques commencent \u00e0 m\u00fbrir au soleil\u2026 C\u2019est le moment qu\u2019a choisi Ana\u00eblle, experte de l\u2019Am\u00e9rique latine chez Makila Voyages, [&hellip;]<\/p>\n","protected":false},"author":8,"featured_media":4271,"comment_status":"open","ping_status":"closed","sticky":false,"template":"","format":"standard","meta":{"ngg_post_thumbnail":0},"categories":[1],"tags":[],"_links":{"self":[{"href":"https:\/\/blog.makila.fr\/voyage-sur-mesure\/wp-json\/wp\/v2\/posts\/4263"}],"collection":[{"href":"https:\/\/blog.makila.fr\/voyage-sur-mesure\/wp-json\/wp\/v2\/posts"}],"about":[{"href":"https:\/\/blog.makila.fr\/voyage-sur-mesure\/wp-json\/wp\/v2\/types\/post"}],"author":[{"embeddable":true,"href":"https:\/\/blog.makila.fr\/voyage-sur-mesure\/wp-json\/wp\/v2\/users\/8"}],"replies":[{"embeddable":true,"href":"https:\/\/blog.makila.fr\/voyage-sur-mesure\/wp-json\/wp\/v2\/comments?post=4263"}],"version-history":[{"count":5,"href":"https:\/\/blog.makila.fr\/voyage-sur-mesure\/wp-json\/wp\/v2\/posts\/4263\/revisions"}],"predecessor-version":[{"id":4312,"href":"https:\/\/blog.makila.fr\/voyage-sur-mesure\/wp-json\/wp\/v2\/posts\/4263\/revisions\/4312"}],"wp:featuredmedia":[{"embeddable":true,"href":"https:\/\/blog.makila.fr\/voyage-sur-mesure\/wp-json\/wp\/v2\/media\/4271"}],"wp:attachment":[{"href":"https:\/\/blog.makila.fr\/voyage-sur-mesure\/wp-json\/wp\/v2\/media?parent=4263"}],"wp:term":[{"taxonomy":"category","embeddable":true,"href":"https:\/\/blog.makila.fr\/voyage-sur-mesure\/wp-json\/wp\/v2\/categories?post=4263"},{"taxonomy":"post_tag","embeddable":true,"href":"https:\/\/blog.makila.fr\/voyage-sur-mesure\/wp-json\/wp\/v2\/tags?post=4263"}],"curies":[{"name":"wp","href":"https:\/\/api.w.org\/{rel}","templated":true}]}}