{"id":4200,"date":"2025-01-21T19:26:00","date_gmt":"2025-01-21T18:26:00","guid":{"rendered":"https:\/\/blog.makila.fr\/voyage-sur-mesure\/?p=4200"},"modified":"2025-02-04T09:42:49","modified_gmt":"2025-02-04T08:42:49","slug":"quatre-jours-a-lile-de-paques-terre-de-folklore-et-de-legende","status":"publish","type":"post","link":"https:\/\/blog.makila.fr\/voyage-sur-mesure\/quatre-jours-a-lile-de-paques-terre-de-folklore-et-de-legende\/","title":{"rendered":"Quatre jours \u00e0 l\u2019\u00eele de P\u00e2ques, terre de folklore et de l\u00e9gende"},"content":{"rendered":"\n<p>Lors d\u2019un voyage grandiose au Chili <a href=\"https:\/\/blog.makila.fr\/voyage-sur-mesure\/decouverte-memorable-du-chili-ses-terres-grandioses-et-disparates%ef%bf%bc\/\">que nous vous racontions ici<\/a>, Agn\u00e8s et sa m\u00e8re, deux fid\u00e8les voyageuses Makila, ont eu la chance de s\u00e9journer \u00e0 l\u2019\u00cele de P\u00e2ques, petit morceau de terre perdu au milieu du pacifique Sud, \u00e0 pr\u00e8s de 4 000 kilom\u00e8tres des c\u00f4tes chiliennes.<br>De son vrai nom Rapa Nui, cette \u00eele de 160 km<sup>2<\/sup> fut baptis\u00e9e \u00cele de P\u00e2ques par les explorateurs occidentaux qui la d\u00e9couvrirent le jour de P\u00e2ques 1722. Elle est aujourd\u2019hui class\u00e9e au patrimoine mondial de l\u2019Unesco et fait toujours l\u2019objet de beaucoup de myst\u00e8res.<br><\/p>\n\n\n\n<!--more-->\n\n\n\n<figure class=\"wp-block-image size-full\"><img loading=\"lazy\" width=\"1000\" height=\"668\" src=\"https:\/\/blog.makila.fr\/voyage-sur-mesure\/wp-content\/uploads\/2025\/02\/voayage-Ile-de-Paques-1.jpg\" alt=\"\" class=\"wp-image-4201\" srcset=\"https:\/\/blog.makila.fr\/voyage-sur-mesure\/wp-content\/uploads\/2025\/02\/voayage-Ile-de-Paques-1.jpg 1000w, https:\/\/blog.makila.fr\/voyage-sur-mesure\/wp-content\/uploads\/2025\/02\/voayage-Ile-de-Paques-1-300x200.jpg 300w, https:\/\/blog.makila.fr\/voyage-sur-mesure\/wp-content\/uploads\/2025\/02\/voayage-Ile-de-Paques-1-768x513.jpg 768w\" sizes=\"(max-width: 1000px) 100vw, 1000px\" \/><\/figure>\n\n\n\n<h2><strong>Des chiliens aux allures polyn\u00e9siennes&nbsp;<\/strong><\/h2>\n\n\n\n<p>Apr\u00e8s cinq heures de vol depuis Santiago, la capitale du Chili, nos voyageuses atterrirent \u00e0 Hanga Roa, ville principale de l\u2019\u00eele de Rapa Nui.<\/p>\n\n\n\n<p>\u201c<em>En descendant de l\u2019avion, j\u2019ai tout de suite pens\u00e9 aux premiers habitants venus de Polyn\u00e9sie en pirogue, qui sont tomb\u00e9s sur ce caillou perdu au milieu de l\u2019Oc\u00e9an pacifique, aussi loin de chez eux\u2026 C\u2019est improbable !\u201d,<\/em> se rappelle Agn\u00e8s.<\/p>\n\n\n\n<p><em>\u201cDe fait, on croirait arriver en Polyn\u00e9sie. Nous avons \u00e9t\u00e9 accueillies avec des colliers de fleurs et des par\u00e9os color\u00e9s\u2026 mais on est bien au Chili, et les pascuans parlent espagnol !\u201d, <\/em>poursuit Agn\u00e8s.<em> Ils apprennent la langue de leurs anc\u00eatres et revendiquent leurs racines polyn\u00e9siennes \u00e0 travers la danse, leur art du tatouage\u2026 tout en \u00e9tant heureux d\u2019\u00eatre chiliens. Ils sont attach\u00e9s \u00e0 leur pays, avec cette composante particuli\u00e8re \u00e0 l\u2019\u00eele de P\u00e2ques.\u201d<\/em><\/p>\n\n\n\n<p>Comme dans le reste du Chili, Agn\u00e8s et sa m\u00e8re furent tr\u00e8s bien accueillies par la population de l\u2019\u00eele. <em>\u201cNotre guide Anui \u00e9tait polyn\u00e9sien et vivait depuis 40 ans \u00e0 l\u2019\u00eele de P\u00e2ques, d\u2019o\u00f9 venait sa femme. Il \u00e9tait tr\u00e8s impliqu\u00e9 dans son r\u00f4le de guide, et tr\u00e8s aidant !&nbsp;<\/em><em>Comme les chiliens sur le continent, les pascuans sont joyeux, et d\u2019une grande gentillesse<\/em>\u201d, explique Agn\u00e8s.<\/p>\n\n\n\n<h2><strong>Les \u201cmoa\u00efs\u201d, des statues embl\u00e9matiques<\/strong><\/h2>\n\n\n\n<p>L\u2019\u00eele est connue pour ses vestiges m\u00e9galithiques, \u00e9rig\u00e9s un peu partout sur le territoire. Il s\u2019agit des fameux \u201cmoa\u00ef\u201d, des personnages sculpt\u00e9s dans la pierre volcanique entre les XIII<sup>\u00e8me <\/sup>\u00a0et XV<sup>\u00e8me<\/sup> si\u00e8cles.<\/p>\n\n\n\n<figure class=\"wp-block-image size-full\"><img loading=\"lazy\" width=\"1000\" height=\"667\" src=\"https:\/\/blog.makila.fr\/voyage-sur-mesure\/wp-content\/uploads\/2025\/02\/voayage-Ile-de-Paques-2.jpg\" alt=\"\" class=\"wp-image-4202\" srcset=\"https:\/\/blog.makila.fr\/voyage-sur-mesure\/wp-content\/uploads\/2025\/02\/voayage-Ile-de-Paques-2.jpg 1000w, https:\/\/blog.makila.fr\/voyage-sur-mesure\/wp-content\/uploads\/2025\/02\/voayage-Ile-de-Paques-2-300x200.jpg 300w, https:\/\/blog.makila.fr\/voyage-sur-mesure\/wp-content\/uploads\/2025\/02\/voayage-Ile-de-Paques-2-768x512.jpg 768w\" sizes=\"(max-width: 1000px) 100vw, 1000px\" \/><\/figure>\n\n\n\n<p><em>\u201cIl y en a presque un millier sur l\u2019\u00eele, <\/em>explique Agn\u00e8s.<em> Les plus imposantes atteignent 20 m\u00e8tres de haut ! Elles sont impressionnantes et tr\u00e8s myst\u00e9rieuses, car nous ne savons que peu de choses \u00e0 leur sujet.\u201d<\/em><\/p>\n\n\n\n<p>En effet, les moa\u00efs repr\u00e9senteraient non pas des divinit\u00e9s, mais les anc\u00eatres de la population, les anciens chefs des clans de Rapa Nui. Elles tournent le dos \u00e0 la mer, orientant leur regard vers l\u2019int\u00e9rieur des terres et leurs descendants.<\/p>\n\n\n\n<p><em>\u201cNous n\u2019arrivons toujours pas \u00e0 expliquer comment elles ont \u00e9t\u00e9 transport\u00e9es depuis le volcan Rano Raraku au centre de l\u2019\u00eele, o\u00f9 elles ont \u00e9t\u00e9 sculpt\u00e9es, jusqu\u2019aux diff\u00e9rents sites o\u00f9 elles demeurent aujourd&rsquo;hui\u201d, <\/em>poursuit Agn\u00e8s.&nbsp;<\/p>\n\n\n\n<p><em>\u201cOn peut toujours visiter la carri\u00e8re de Rano Raraku o\u00f9 il reste de nombreuses statues en cours de fabrication, abandonn\u00e9es dans la roche\u2026<\/em>\u201d<\/p>\n\n\n\n<p>Sur les collines verdoyantes de l\u2019\u00eele, bord\u00e9es par la mer, des chevaux, vaches et moutons paissent tranquillement entre les fermes. Tout autour de l\u2019\u00eele, les moa\u00efs observent leurs terres.<\/p>\n\n\n\n<figure class=\"wp-block-image size-full\"><img loading=\"lazy\" width=\"1000\" height=\"667\" src=\"https:\/\/blog.makila.fr\/voyage-sur-mesure\/wp-content\/uploads\/2025\/02\/voayage-Ile-de-Paques-3.jpg\" alt=\"\" class=\"wp-image-4203\" srcset=\"https:\/\/blog.makila.fr\/voyage-sur-mesure\/wp-content\/uploads\/2025\/02\/voayage-Ile-de-Paques-3.jpg 1000w, https:\/\/blog.makila.fr\/voyage-sur-mesure\/wp-content\/uploads\/2025\/02\/voayage-Ile-de-Paques-3-300x200.jpg 300w, https:\/\/blog.makila.fr\/voyage-sur-mesure\/wp-content\/uploads\/2025\/02\/voayage-Ile-de-Paques-3-768x512.jpg 768w\" sizes=\"(max-width: 1000px) 100vw, 1000px\" \/><\/figure>\n\n\n\n<p>Accompagn\u00e9es de leur chauffeur-guide, Agn\u00e8s et sa m\u00e8re parcoururent plusieurs sites connus pour observer ces sentinelles de pierre sombre et nimb\u00e9es de myst\u00e8re. Cela leur permit d\u2019explorer l\u2019\u00eele et sa nature : cocoteraies, plages de sable blanc, sentiers c\u00f4tiers, volcans\u2026<br><br>\u201c<em>J\u2019ai beaucoup aim\u00e9 le site d\u2019Ahu Akivi, qui est aussi le point de d\u00e9part d\u2019une randonn\u00e9e vers le plus haut sommet de l\u2019\u00eele. C\u2019est le seul site o\u00f9 les statues regardent vers l\u2019oc\u00e9an :<\/em><strong><em> <\/em><\/strong><em>la l\u00e9gende veut que les 7 moa\u00efs repr\u00e9sentent les premiers colons de l&rsquo;\u00eele, des navigateurs polyn\u00e9siens qui fixent leur terre d&rsquo;origine<\/em>\u201d, raconte Agn\u00e8s.<\/p>\n\n\n\n<h2><strong>Une culture fa\u00e7onn\u00e9e par les c\u00e9l\u00e9brations et les festivit\u00e9s<\/strong><\/h2>\n\n\n\n<p>Pour leur dernier jour sur l\u2019\u00eele, nos voyageuses firent l&rsquo;ascension du Volcan Rano Kau, jusqu\u2019\u00e0 son crat\u00e8re qui surplombe la mer, autour duquel s\u2019\u00e9panouissent figuiers, bananiers et autres arbres fruitiers.<\/p>\n\n\n\n<figure class=\"wp-block-image size-full\"><img loading=\"lazy\" width=\"1000\" height=\"361\" src=\"https:\/\/blog.makila.fr\/voyage-sur-mesure\/wp-content\/uploads\/2025\/02\/voayage-Ile-de-Paques-4.jpg\" alt=\"\" class=\"wp-image-4204\" srcset=\"https:\/\/blog.makila.fr\/voyage-sur-mesure\/wp-content\/uploads\/2025\/02\/voayage-Ile-de-Paques-4.jpg 1000w, https:\/\/blog.makila.fr\/voyage-sur-mesure\/wp-content\/uploads\/2025\/02\/voayage-Ile-de-Paques-4-300x108.jpg 300w, https:\/\/blog.makila.fr\/voyage-sur-mesure\/wp-content\/uploads\/2025\/02\/voayage-Ile-de-Paques-4-768x277.jpg 768w\" sizes=\"(max-width: 1000px) 100vw, 1000px\" \/><\/figure>\n\n\n\n<p>On peut y voir, \u00e0 l&rsquo;extr\u00eame Sud de l&rsquo;\u00eele, surplombant les hautes falaises noires, les vestiges du village c\u00e9r\u00e9moniel d&rsquo;Orongo, constitu\u00e9 de maisons circulaires en basalte est consacr\u00e9 au culte de \u201cl\u2019homme oiseau\u201d.<\/p>\n\n\n\n<p><em>\u201cNotre guide Anui nous expliqua l\u2019importance du village d\u2019Orongo pour l\u2019histoire de l\u2019\u00eele. Il est li\u00e9 au culte de \u201cl\u2019homme oiseau\u201d, qui a remplac\u00e9 celui vou\u00e9 aux moa\u00efs, vers le XV\u00e8me si\u00e8cle\u201d<\/em>, explique Agn\u00e8s.<\/p>\n\n\n\n<p>En effet, le village d\u2019Orongo constituait le point de d\u00e9part d\u2019un rituel ayant lieu chaque ann\u00e9e, qui devait d\u00e9signer le prochain \u201cTangana Manu\u201d (\u201chomme oiseau\u201d), qui r\u00e8gnerait sur l\u2019\u00eele pendant un an.<\/p>\n\n\n\n<p>Chaque clan envoyait un athl\u00e8te pour la comp\u00e9tition. Ce dernier sautait dans la mer depuis la falaise, nageait jusqu\u2019\u00e0 l\u2019\u00eelot Moto Nui, o\u00f9 il devait attendre la ponte du premier \u0153uf de sterne de la saison, parfois plusieurs jours, voire semaines\u2026 Une fois en possession de l&rsquo;\u0153uf, l\u2019athl\u00e8te devait le rapporter au chef de l\u2019\u00eele, apr\u00e8s avoir travers\u00e9 la mer dans l\u2019autre sens et escalad\u00e9 la falaise. Celui qui y parvenait devenait ainsi \u201cl\u2019homme oiseau\u201d, le nouveau chef de l\u2019\u00eele.<\/p>\n\n\n\n<figure class=\"wp-block-image size-full\"><img loading=\"lazy\" width=\"1000\" height=\"667\" src=\"https:\/\/blog.makila.fr\/voyage-sur-mesure\/wp-content\/uploads\/2025\/02\/voayage-Ile-de-Paques-5.jpg\" alt=\"\" class=\"wp-image-4205\" srcset=\"https:\/\/blog.makila.fr\/voyage-sur-mesure\/wp-content\/uploads\/2025\/02\/voayage-Ile-de-Paques-5.jpg 1000w, https:\/\/blog.makila.fr\/voyage-sur-mesure\/wp-content\/uploads\/2025\/02\/voayage-Ile-de-Paques-5-300x200.jpg 300w, https:\/\/blog.makila.fr\/voyage-sur-mesure\/wp-content\/uploads\/2025\/02\/voayage-Ile-de-Paques-5-768x512.jpg 768w\" sizes=\"(max-width: 1000px) 100vw, 1000px\" \/><\/figure>\n\n\n\n<p>\u201c<em>Les comp\u00e9titions sportives, festives et rituelles font partie int\u00e9grante de la culture de Rapa Nui, mais celle de Tangana Matu est de loin la plus marquante. C\u2019\u00e9tait un vrai parcours du combattant, <\/em>explique Agn\u00e8s. <em>Entre les dangers li\u00e9s \u00e0 l\u2019\u00e9preuve et l\u2019attente parfois tr\u00e8s longue de la ponte, certains y perdaient la vie ! C\u2019\u00e9tait un moyen de montrer la vigueur de l\u2019\u00e9lu choisi par le clan, un v\u00e9ritable symbole de virilit\u00e9<\/em>\u201d, poursuit-elle.<\/p>\n\n\n\n<p>Ce soir-l\u00e0, Anui les emmena boire un verre \u00e0 Hanga Roa, pour f\u00eater la fin de leur s\u00e9jour sur l\u2019\u00eele. Nos voyageuses d\u00e9gust\u00e8rent un grand Pisco Sour, une sp\u00e9cialit\u00e9 chilienne, tout en se rem\u00e9morant les bons moments pass\u00e9s dans cet endroit fascinant.<\/p>\n\n\n\n<figure class=\"wp-block-image size-full\"><img loading=\"lazy\" width=\"1000\" height=\"667\" src=\"https:\/\/blog.makila.fr\/voyage-sur-mesure\/wp-content\/uploads\/2025\/02\/voayage-Ile-de-Paques-6.jpg\" alt=\"\" class=\"wp-image-4206\" srcset=\"https:\/\/blog.makila.fr\/voyage-sur-mesure\/wp-content\/uploads\/2025\/02\/voayage-Ile-de-Paques-6.jpg 1000w, https:\/\/blog.makila.fr\/voyage-sur-mesure\/wp-content\/uploads\/2025\/02\/voayage-Ile-de-Paques-6-300x200.jpg 300w, https:\/\/blog.makila.fr\/voyage-sur-mesure\/wp-content\/uploads\/2025\/02\/voayage-Ile-de-Paques-6-768x512.jpg 768w\" sizes=\"(max-width: 1000px) 100vw, 1000px\" \/><\/figure>\n\n\n\n<p><em>\u201cIl y a une ambiance vraiment particuli\u00e8re sur cette \u00eele. Elle est forte d\u2019une culture singuli\u00e8re qui s\u2019est transmise oralement, dont une partie s\u2019est perdue et a disparu pour toujours, ce qui la rend tr\u00e8s myst\u00e9rieuse. Elle est diff\u00e9rente de toutes les autres \u00eeles du monde !<\/em> <em>Tout le monde en parle, sans savoir forc\u00e9ment la placer sur une carte, sourit-elle. Le fait que l\u2019on en sache si peu sur elle lui donne un c\u00f4t\u00e9 mystique, et hors du temps\u201d<\/em>, conclut-elle.<\/p>\n\n\n\n<p>Ce s\u00e9jour culturellement tr\u00e8s riche vint clore le p\u00e9riple d\u2019Agn\u00e8s et sa m\u00e8re au Chili. Pour d\u00e9couvrir la totalit\u00e9 de l\u2019aventure de nos voyageuses entre le d\u00e9sert de l\u2019Atacama et les glaciers de Patagonie, <a href=\"https:\/\/blog.makila.fr\/voyage-sur-mesure\/decouverte-memorable-du-chili-ses-terres-grandioses-et-disparates%ef%bf%bc\/\" class=\"rank-math-link\">retrouvez notre article ici<\/a>, et n\u2019h\u00e9sitez pas \u00e0 <a href=\"https:\/\/www.makila.fr\/voyages\/pays\/26-chili#anchor-contact\" class=\"rank-math-link\">contacter notre experte Claire !<\/a><\/p>\n","protected":false},"excerpt":{"rendered":"<p>Lors d\u2019un voyage grandiose au Chili que nous vous racontions ici, Agn\u00e8s et sa m\u00e8re, deux fid\u00e8les voyageuses Makila, ont eu la chance de s\u00e9journer \u00e0 l\u2019\u00cele de P\u00e2ques, petit morceau de terre perdu au milieu du pacifique Sud, \u00e0 pr\u00e8s de 4 000 kilom\u00e8tres des c\u00f4tes chiliennes.De son vrai nom Rapa Nui, cette \u00eele [&hellip;]<\/p>\n","protected":false},"author":8,"featured_media":4202,"comment_status":"closed","ping_status":"closed","sticky":false,"template":"","format":"standard","meta":{"ngg_post_thumbnail":0},"categories":[1],"tags":[],"_links":{"self":[{"href":"https:\/\/blog.makila.fr\/voyage-sur-mesure\/wp-json\/wp\/v2\/posts\/4200"}],"collection":[{"href":"https:\/\/blog.makila.fr\/voyage-sur-mesure\/wp-json\/wp\/v2\/posts"}],"about":[{"href":"https:\/\/blog.makila.fr\/voyage-sur-mesure\/wp-json\/wp\/v2\/types\/post"}],"author":[{"embeddable":true,"href":"https:\/\/blog.makila.fr\/voyage-sur-mesure\/wp-json\/wp\/v2\/users\/8"}],"replies":[{"embeddable":true,"href":"https:\/\/blog.makila.fr\/voyage-sur-mesure\/wp-json\/wp\/v2\/comments?post=4200"}],"version-history":[{"count":8,"href":"https:\/\/blog.makila.fr\/voyage-sur-mesure\/wp-json\/wp\/v2\/posts\/4200\/revisions"}],"predecessor-version":[{"id":4216,"href":"https:\/\/blog.makila.fr\/voyage-sur-mesure\/wp-json\/wp\/v2\/posts\/4200\/revisions\/4216"}],"wp:featuredmedia":[{"embeddable":true,"href":"https:\/\/blog.makila.fr\/voyage-sur-mesure\/wp-json\/wp\/v2\/media\/4202"}],"wp:attachment":[{"href":"https:\/\/blog.makila.fr\/voyage-sur-mesure\/wp-json\/wp\/v2\/media?parent=4200"}],"wp:term":[{"taxonomy":"category","embeddable":true,"href":"https:\/\/blog.makila.fr\/voyage-sur-mesure\/wp-json\/wp\/v2\/categories?post=4200"},{"taxonomy":"post_tag","embeddable":true,"href":"https:\/\/blog.makila.fr\/voyage-sur-mesure\/wp-json\/wp\/v2\/tags?post=4200"}],"curies":[{"name":"wp","href":"https:\/\/api.w.org\/{rel}","templated":true}]}}