{"id":3936,"date":"2023-12-16T11:49:00","date_gmt":"2023-12-16T10:49:00","guid":{"rendered":"https:\/\/blog.makila.fr\/voyage-sur-mesure\/?p=3936"},"modified":"2024-10-22T16:54:25","modified_gmt":"2024-10-22T15:54:25","slug":"odyssee-au-pays-du-soleil-levant","status":"publish","type":"post","link":"https:\/\/blog.makila.fr\/voyage-sur-mesure\/odyssee-au-pays-du-soleil-levant\/","title":{"rendered":"Odyss\u00e9e au Pays du Soleil Levant"},"content":{"rendered":"\n<p><em>Claire pousse la porte d\u2019un \u201cisakaya\u201d situ\u00e9 dans un quartier branch\u00e9 de Tokyo. De grandes tables sont install\u00e9es autour d\u2019un bar o\u00f9 l\u2019on cuisine sous les yeux des clients. Claire, son mari et son fils sont surpris de voir qu\u2019il n\u2019y a que des jeunes -ils apprendront qu\u2019une fois mari\u00e9s, les japonais ne sortent plus beaucoup\u2026 Claire consulte la carte : comme dans tous les restaurants, elle n\u2019est \u00e9crite qu\u2019en japonais\u2026 Mais cette fois il n\u2019y a pas de photos ! Ils se mettent alors \u00e0 prier pour qu\u2019un serveur ou un client parle anglais\u2026 Ne trouvant pas d\u2019aide, les voil\u00e0 contraints de passer commande au hasard. Arrive alors un ensemble de plats \u00e0 partager, m\u00ealant tofu marin\u00e9 avec de la bonite r\u00e2p\u00e9e, salade de papayes vertes, beignets, gyoza, choux, toasts \u00e0 la crevette\u2026 ouf ! Une bonne surprise qui permet de poursuivre le d\u00eener dans la bonne humeur.<\/em><\/p>\n\n\n\n<!--more-->\n\n\n\n<p>Baroudeuse inv\u00e9t\u00e9r\u00e9e, Claire a d\u00e9j\u00e0 sillonn\u00e9 de nombreux pays. Mais la premi\u00e8re fois qu\u2019elle a mis les pieds au Japon, elle a v\u00e9cu un d\u00e9paysement comme jamais elle n\u2019en a connu auparavant. \u201c<em>J\u2019avais beaucoup lu en amont, regard\u00e9 des reportages\u2026 mais malgr\u00e9 tout, j\u2019ai \u00e9t\u00e9 compl\u00e8tement prise de court par la culture et la fa\u00e7on de vivre si diff\u00e9rentes de la n\u00f4tre. C\u2019est tout simplement impossible \u00e0 imaginer !<\/em>\u201d explique-t-elle. En y retournant cet \u00e9t\u00e9, cette fois avec sa famille, le d\u00e9paysement fut presque aussi complet.<em>\u201cDans ce contexte, il est indispensable d\u2019\u00eatre accompagn\u00e9 par un guide, au moins une partie de son voyage\u2026<\/em><em>Sans compter que les japonais ne parlent pas anglais\u2026 ce qui rend les interactions difficiles !\u201d<\/em> commente Claire.<\/p>\n\n\n\n<figure class=\"wp-block-image size-full\"><img loading=\"lazy\" width=\"1000\" height=\"750\" src=\"https:\/\/blog.makila.fr\/voyage-sur-mesure\/wp-content\/uploads\/2024\/01\/Voyage-Claire-au-Japon-1.jpg\" alt=\"\" class=\"wp-image-3937\" srcset=\"https:\/\/blog.makila.fr\/voyage-sur-mesure\/wp-content\/uploads\/2024\/01\/Voyage-Claire-au-Japon-1.jpg 1000w, https:\/\/blog.makila.fr\/voyage-sur-mesure\/wp-content\/uploads\/2024\/01\/Voyage-Claire-au-Japon-1-300x225.jpg 300w, https:\/\/blog.makila.fr\/voyage-sur-mesure\/wp-content\/uploads\/2024\/01\/Voyage-Claire-au-Japon-1-768x576.jpg 768w\" sizes=\"(max-width: 1000px) 100vw, 1000px\" \/><\/figure>\n\n\n\n<p>De Tokyo la futuriste en passant par Kyoto l\u2019imp\u00e9riale, l\u2019harmonieuse Takayama et la magnifique campagne japonaise\u2026 Claire et sa famille ont arpent\u00e9 une grande partie de l\u2019archipel nippon, (re)d\u00e9couvrant un souci de l\u2019esth\u00e9tisme, une gastronomie subtile, et allant de surprise en surprise dans ce pays o\u00f9 traditions ancestrales et modernit\u00e9 \u00e9clatante s\u2019accordent harmonieusement.<\/p>\n\n\n\n<h2><strong>Tokyo, gigantesque capitale aux multiples visages<\/strong><\/h2>\n\n\n\n<p>En sortant de l\u2019avion, nos trois voyageurs furent accueillis par leur guide Arnaud. \u201c<em>Le transfert de nuit vers notre h\u00f4tel \u00e9tait d\u00e9j\u00e0 un enchantement. Non seulement il n\u2019y avait pas de trafic, mais en plus nous avions une vue imprenable sur les buildings et les ponts \u00e9clair\u00e9s de la ville. C&rsquo;\u00e9tait f\u00e9\u00e9rique<\/em>!\u201d.<\/p>\n\n\n\n<p>Avec ses 43 millions d\u2019habitants et ses sept p\u00e9riph\u00e9ries qui s\u2019\u00e9tendent sur un territoire grand comme la r\u00e9gion PACA, Tokyo est de loin la plus grande ville du monde ! Mais contrairement \u00e0 ce que l\u2019on pourrait imaginer, elle n\u2019est ni sale, ni oppressante, ni grouillante de monde\u2026 Bien au contraire. \u201c<em>Voitures, motos et v\u00e9los sont quasi inexistants. Les rues, larges et propres sont tr\u00e8s agr\u00e9ables \u00e0 parcourir, et nettoy\u00e9es en permanence\u2026 On ne ressent aucunement de sentiment d\u2019\u00e9touffement comme on pourrait s\u2019y attendre<\/em>\u201d, explique Claire.<\/p>\n\n\n\n<figure class=\"wp-block-image size-full\"><img loading=\"lazy\" width=\"1000\" height=\"750\" src=\"https:\/\/blog.makila.fr\/voyage-sur-mesure\/wp-content\/uploads\/2024\/01\/Voyage-Claire-au-Japon-2.jpg\" alt=\"\" class=\"wp-image-3938\" srcset=\"https:\/\/blog.makila.fr\/voyage-sur-mesure\/wp-content\/uploads\/2024\/01\/Voyage-Claire-au-Japon-2.jpg 1000w, https:\/\/blog.makila.fr\/voyage-sur-mesure\/wp-content\/uploads\/2024\/01\/Voyage-Claire-au-Japon-2-300x225.jpg 300w, https:\/\/blog.makila.fr\/voyage-sur-mesure\/wp-content\/uploads\/2024\/01\/Voyage-Claire-au-Japon-2-768x576.jpg 768w\" sizes=\"(max-width: 1000px) 100vw, 1000px\" \/><\/figure>\n\n\n\n<p>En gagnant le m\u00e9tro, le mari de Claire \u00e9clata de rire en voyant le plan : il repr\u00e9sente 40 fois celui du m\u00e9tro parisien et du RER. Arnaud leur expliqua comment se rep\u00e9rer et acheter des tickets\u2026 Il leur faudra 2 jours pour \u00eatre \u00e0 l\u2019aise.<\/p>\n\n\n\n<p>Dans le c\u00e9l\u00e8bre quartier de Shibuya, ils travers\u00e8rent les carrefours gigantesques aux passages pi\u00e9tons qui se croisent au milieu des gratte-ciels aux \u00e9crans publicitaires g\u00e9ants.&nbsp;<\/p>\n\n\n\n<figure class=\"wp-block-image size-full\"><img loading=\"lazy\" width=\"1000\" height=\"750\" src=\"https:\/\/blog.makila.fr\/voyage-sur-mesure\/wp-content\/uploads\/2024\/01\/Voyage-Claire-au-Japon-3.jpg\" alt=\"\" class=\"wp-image-3939\" srcset=\"https:\/\/blog.makila.fr\/voyage-sur-mesure\/wp-content\/uploads\/2024\/01\/Voyage-Claire-au-Japon-3.jpg 1000w, https:\/\/blog.makila.fr\/voyage-sur-mesure\/wp-content\/uploads\/2024\/01\/Voyage-Claire-au-Japon-3-300x225.jpg 300w, https:\/\/blog.makila.fr\/voyage-sur-mesure\/wp-content\/uploads\/2024\/01\/Voyage-Claire-au-Japon-3-768x576.jpg 768w\" sizes=\"(max-width: 1000px) 100vw, 1000px\" \/><\/figure>\n\n\n\n<p>\u201c<em>Depuis le haut d\u2019une tour, nous avons admir\u00e9 la baie de Tokyo, les \u00eeles artificielles qui gagnent sur l\u2019eau, les ponts sophistiqu\u00e9s construits pour r\u00e9sister aux intemp\u00e9ries de grande ampleur, et le Mont Fuji en arri\u00e8re-plan&#8230; Mon fils et mon mari avaient presque oubli\u00e9 que Tokyo \u00e9tait au bord du Pacifique !\u201d <\/em>s\u2019exclame Claire.<\/p>\n\n\n\n<p>Ils profit\u00e8rent d\u2019un peu de fra\u00eecheur dans le jardin botanique Hama Rikyu o\u00f9, entre des rang\u00e9es de buildings, s\u2019\u00e9panouissent \u00e9rables, pins rouges, cypr\u00e8s, azal\u00e9es, gen\u00e9vriers, ginkos, pruniers\u2026 un v\u00e9ritable poumon au c\u0153ur de la ville, totalement en d\u00e9calage avec l\u2019univers ultra-connect\u00e9 qu\u2019ils venaient de quitter.<\/p>\n\n\n\n<figure class=\"wp-block-image size-full is-resized\"><img loading=\"lazy\" src=\"https:\/\/blog.makila.fr\/voyage-sur-mesure\/wp-content\/uploads\/2024\/01\/Voyage-Claire-au-Japon-4.jpg\" alt=\"\" class=\"wp-image-3940\" width=\"840\" height=\"630\" srcset=\"https:\/\/blog.makila.fr\/voyage-sur-mesure\/wp-content\/uploads\/2024\/01\/Voyage-Claire-au-Japon-4.jpg 1000w, https:\/\/blog.makila.fr\/voyage-sur-mesure\/wp-content\/uploads\/2024\/01\/Voyage-Claire-au-Japon-4-300x225.jpg 300w, https:\/\/blog.makila.fr\/voyage-sur-mesure\/wp-content\/uploads\/2024\/01\/Voyage-Claire-au-Japon-4-768x576.jpg 768w\" sizes=\"(max-width: 840px) 100vw, 840px\" \/><\/figure>\n\n\n\n<p>Dans la foul\u00e9e, Claire alla visiter l\u2019h\u00f4tel \u201cLe Capitole\u201d. Tr\u00e8s bien situ\u00e9 dans la ville, il jouit d\u2019une vue exceptionnelle et, comme elle le pensait, correspond tout \u00e0 fait aux attentes des voyageurs Makila.<\/p>\n\n\n\n<h2><strong>Une gastronomie raffin\u00e9e<\/strong><\/h2>\n\n\n\n<p>Le soir venu, ils d\u00een\u00e8rent dans un restaurant de \u00ab ramen \u00bb, situ\u00e9 au 2\u00e8me \u00e9tage d\u2019un immeuble. Arnaud leur expliqua qu\u2019\u00e0 Tokyo, il faut lever la t\u00eate pour chercher un magasin ou un restaurant. En effet, mis \u00e0 part quelques grandes enseignes, beaucoup n\u2019ont pas pignon sur rue. \u201c<em>C\u2019est d\u00e9routant, on a l\u2019impression de monter dans un immeuble d\u2019habitation ! \u00c0 chaque \u00e9tage, des restaurants ou des entreprises partagent le palier avec des logements individuels<\/em>\u201d, se rappelle Claire.<br><br>Une fois install\u00e9s, ils go\u00fbt\u00e8rent une soupe de nouilles m\u00ealant porc, \u0153uf ferment\u00e9, algues, soja&#8230; \u201c<em>Le repas est un moment important pour les japonais. La nourriture est d\u00e9licieuse et tr\u00e8s vari\u00e9e. Tout au long de notre s\u00e9jour, nous nous sommes r\u00e9gal\u00e9s de plats au go\u00fbt tr\u00e8s fin<\/em>\u201d, se souvient Claire. \u201c<em>De plus,<\/em><em>les japonais connaissent les propri\u00e9t\u00e9s des aliments et y font attention: ils prennent une algue particuli\u00e8re pour le foie, du tofu pour la digestion, un th\u00e9 diff\u00e9rent selon les besoins\u2026<\/em> \u201c<\/p>\n\n\n\n<figure class=\"wp-block-image size-full\"><img loading=\"lazy\" width=\"1000\" height=\"750\" src=\"https:\/\/blog.makila.fr\/voyage-sur-mesure\/wp-content\/uploads\/2024\/01\/Voyage-Claire-au-Japon-5.jpg\" alt=\"\" class=\"wp-image-3941\" srcset=\"https:\/\/blog.makila.fr\/voyage-sur-mesure\/wp-content\/uploads\/2024\/01\/Voyage-Claire-au-Japon-5.jpg 1000w, https:\/\/blog.makila.fr\/voyage-sur-mesure\/wp-content\/uploads\/2024\/01\/Voyage-Claire-au-Japon-5-300x225.jpg 300w, https:\/\/blog.makila.fr\/voyage-sur-mesure\/wp-content\/uploads\/2024\/01\/Voyage-Claire-au-Japon-5-768x576.jpg 768w\" sizes=\"(max-width: 1000px) 100vw, 1000px\" \/><\/figure>\n\n\n\n<p>Apr\u00e8s trois jours \u00e0 parcourir Tokyo de long en large, nos voyageurs se mirent en route pour Hakone, dans l\u2019id\u00e9e de voir le Mont Fuji. Mais, comme c\u2019est souvent le cas, celui-ci \u00e9tait quasiment enti\u00e8rement envelopp\u00e9 dans la brume et ils ne purent pas l\u2019admirer.<\/p>\n\n\n\n<p>Ils gagn\u00e8rent alors Takayama, qui se r\u00e9v\u00e9la un v\u00e9ritable coup de c\u0153ur pour toute la famille. Pour s\u2019y rendre, il fallut prendre le train par eux-m\u00eame, ce qui est encore une autre histoire\u2026<\/p>\n\n\n\n<h2><strong>Takayama, symbole de l\u2019esth\u00e9tisme japonais<\/strong><\/h2>\n\n\n\n<p>Dans cette ville extr\u00eamement bien pr\u00e9serv\u00e9e, tout n\u2019est qu\u2019harmonie. Compos\u00e9e de petites maisons individuelles en bois, elle est connue pour ses charpentiers, menuisiers et sa marqueterie.<\/p>\n\n\n\n<p><em>\u201cIci, tout est beau et d\u00e9licat : la gr\u00e2ce des statues longeant le pont, les diff\u00e9rentes teintes du bois des maisons, le sourire des habitants, les arbres bordant la rivi\u00e8re dans le centre-ville\u2026\u201d<\/em> se souvient Claire. Ils d\u00e9ambul\u00e8rent le long de la rivi\u00e8re o\u00f9 quelques marchands vendent leur production de tomates, edamame, fleurs, tissus, poissons\u2026<\/p>\n\n\n\n<figure class=\"wp-block-image size-full\"><img loading=\"lazy\" width=\"1000\" height=\"750\" src=\"https:\/\/blog.makila.fr\/voyage-sur-mesure\/wp-content\/uploads\/2024\/01\/Voyage-Claire-au-Japon-6.jpg\" alt=\"\" class=\"wp-image-3942\" srcset=\"https:\/\/blog.makila.fr\/voyage-sur-mesure\/wp-content\/uploads\/2024\/01\/Voyage-Claire-au-Japon-6.jpg 1000w, https:\/\/blog.makila.fr\/voyage-sur-mesure\/wp-content\/uploads\/2024\/01\/Voyage-Claire-au-Japon-6-300x225.jpg 300w, https:\/\/blog.makila.fr\/voyage-sur-mesure\/wp-content\/uploads\/2024\/01\/Voyage-Claire-au-Japon-6-768x576.jpg 768w\" sizes=\"(max-width: 1000px) 100vw, 1000px\" \/><\/figure>\n\n\n\n<p>La promenade dans la ville fut marqu\u00e9e par la visite du temple shinto Sakurayama Hachiman-g\u00fb. Ce havre de paix, \u00e0 flanc de colline, se fond dans la v\u00e9g\u00e9tation. Beaut\u00e9, douceur et spiritualit\u00e9 \u00e9manent de ce site qui fait partie de ceux que Claire a pr\u00e9f\u00e9r\u00e9s pendant son voyage.<\/p>\n\n\n\n<p>\u201c<em>A Takayama, nous avons ressenti une grande s\u00e9r\u00e9nit\u00e9, que l\u2019on per\u00e7oit dans les films d\u2019animation japonais. De mani\u00e8re g\u00e9n\u00e9rale, tous les guides ont insist\u00e9 sur un point : les japonais vivent l\u2019instant pr\u00e9sent, v\u00e9n\u00e8rent leurs anc\u00eatres, mais ne pensent pas \u00e0 l\u2019avenir. Cela s\u2019explique par leur philosophie bouddhiste et leur religion shinto\u00efste, mais aussi par les diff\u00e9rentes trag\u00e9dies qu\u2019ils ont travers\u00e9es.<\/em>\u201d explique Claire.<\/p>\n\n\n\n<p>Avant de rejoindre Kyoto, nos voyageurs firent une halte \u00e0 Kanazawa, grande ville japonaise \u00e0 taille humaine puisqu\u2019on y compte \u201cseulement\u201d un demi-million d\u2019habitants. Ce fut l\u2019occasion de visiter des maisons traditionnelles du temps des Samoura\u00efs, ainsi que le c\u00e9l\u00e8bre Mus\u00e9e d\u2019art contemporain du 21\u00e8me si\u00e8cle qui expose des artistes connus dans le monde entier. Ils purent appr\u00e9cier une nouvelle fois ce m\u00e9lange des genres entre tradition et modernit\u00e9.&nbsp;<\/p>\n\n\n\n<p>Un peu plus loin dans la campagne japonaise, ils visit\u00e8rent Shirakawa-go, un village hors du temps et plein de charme, class\u00e9 au patrimoine de l\u2019Unesco. \u201c<em>Les maisons au toit de chaume tr\u00e8s pentu abritent des greniers o\u00f9 l\u2019on cultivait le vers \u00e0 soie autrefois. Le village, tr\u00e8s paisible, est rest\u00e9 intact, et semble venir tout droit du pass\u00e9\u2026 il vaut vraiment le d\u00e9tour\u201d,<\/em> explique Claire.<\/p>\n\n\n\n<figure class=\"wp-block-image size-full\"><img loading=\"lazy\" width=\"1000\" height=\"750\" src=\"https:\/\/blog.makila.fr\/voyage-sur-mesure\/wp-content\/uploads\/2024\/01\/Voyage-Claire-au-Japon-7.jpg\" alt=\"\" class=\"wp-image-3943\" srcset=\"https:\/\/blog.makila.fr\/voyage-sur-mesure\/wp-content\/uploads\/2024\/01\/Voyage-Claire-au-Japon-7.jpg 1000w, https:\/\/blog.makila.fr\/voyage-sur-mesure\/wp-content\/uploads\/2024\/01\/Voyage-Claire-au-Japon-7-300x225.jpg 300w, https:\/\/blog.makila.fr\/voyage-sur-mesure\/wp-content\/uploads\/2024\/01\/Voyage-Claire-au-Japon-7-768x576.jpg 768w\" sizes=\"(max-width: 1000px) 100vw, 1000px\" \/><\/figure>\n\n\n\n<h2><strong>Kyoto, ville d\u2019histoire et de traditions mill\u00e9naires<\/strong><\/h2>\n\n\n\n<p>Capitale royale, Kyoto exhibe ses ch\u00e2teaux, mus\u00e9es, anciens temples et pagodes bouddhistes et shinto\u00efstes.<br><br>Claire et sa famille visit\u00e8rent d\u2019abord le ch\u00e2teau de Nijo, un endroit id\u00e9al pour se plonger dans l\u2019histoire f\u00e9odale du Japon, au temps des Shoguns, Empereurs et guerriers samoura\u00efs. Les murs, ravissants, sont tant\u00f4t orn\u00e9s de tigres mena\u00e7ants, tant\u00f4t de cerisiers en fleurs. Des portes coulissantes permettaient aux samoura\u00efs, post\u00e9s derri\u00e8re, d\u2019intervenir rapidement&#8230; Enfin, le parquet rossignol \u00e9met des sifflements caract\u00e9ristiques destin\u00e9s \u00e0 alerter en cas d\u2019intrusion\u2026 \u201c<em>Class\u00e9 au patrimoine mondial de l\u2019Unesco, c\u2019est un endroit fabuleux pour les amateurs d\u2019histoire. Nous avons voyag\u00e9 dans le temps ! Nous avons \u00e9t\u00e9 \u00e9merveill\u00e9s par l\u2019harmonie et la beaut\u00e9 qui s\u2019en d\u00e9gagent<\/em>\u201d se rappelle Claire.<\/p>\n\n\n\n<figure class=\"wp-block-image size-full\"><img loading=\"lazy\" width=\"1000\" height=\"750\" src=\"https:\/\/blog.makila.fr\/voyage-sur-mesure\/wp-content\/uploads\/2024\/01\/Voyage-Claire-au-Japon-8.jpg\" alt=\"\" class=\"wp-image-3944\" srcset=\"https:\/\/blog.makila.fr\/voyage-sur-mesure\/wp-content\/uploads\/2024\/01\/Voyage-Claire-au-Japon-8.jpg 1000w, https:\/\/blog.makila.fr\/voyage-sur-mesure\/wp-content\/uploads\/2024\/01\/Voyage-Claire-au-Japon-8-300x225.jpg 300w, https:\/\/blog.makila.fr\/voyage-sur-mesure\/wp-content\/uploads\/2024\/01\/Voyage-Claire-au-Japon-8-768x576.jpg 768w\" sizes=\"(max-width: 1000px) 100vw, 1000px\" \/><\/figure>\n\n\n\n<h2><strong>Le manga, art litt\u00e9raire ancr\u00e9 dans la culture japonaise<\/strong><\/h2>\n\n\n\n<p>L\u2019apr\u00e8s-midi fut consacr\u00e9e \u00e0 la visite du mus\u00e9e international du manga. Cette fois, nos voyageurs furent fascin\u00e9s par la collection qui s\u2019y trouve, dont la cr\u00e9ation remonte \u00e0 1920. \u201c<em>Des japonais de tous les \u00e2ges s\u2019enferment dans les salles de lecture, en silence avec leurs mangas<\/em>\u201d explique Claire. <em>Nous avons vu une grand-m\u00e8re assise par terre, plong\u00e9e dans son livre\u2026 C\u2019est une v\u00e9ritable passion interg\u00e9n\u00e9rationnelle !\u201d<\/em>Ils suivirent un atelier pour s\u2019initier \u00e0 l\u2019art du manga, qui leur a beaucoup plu <em>: \u201cNous avons appris la technique de la plume \u00e0 encre et du feutre-pinceau. Nous nous sommes appliqu\u00e9s \u00e0 tracer les contours d\u2019un personnage de manga&#8230; Les yeux et les cheveux sont tr\u00e8s compliqu\u00e9s \u00e0 reproduire malgr\u00e9 les conseils de notre mangaka<\/em><em>!\u201d<\/em><\/p>\n\n\n\n<figure class=\"wp-block-image size-full\"><img loading=\"lazy\" width=\"1000\" height=\"750\" src=\"https:\/\/blog.makila.fr\/voyage-sur-mesure\/wp-content\/uploads\/2024\/01\/Voyage-Claire-au-Japon-9.jpg\" alt=\"\" class=\"wp-image-3945\" srcset=\"https:\/\/blog.makila.fr\/voyage-sur-mesure\/wp-content\/uploads\/2024\/01\/Voyage-Claire-au-Japon-9.jpg 1000w, https:\/\/blog.makila.fr\/voyage-sur-mesure\/wp-content\/uploads\/2024\/01\/Voyage-Claire-au-Japon-9-300x225.jpg 300w, https:\/\/blog.makila.fr\/voyage-sur-mesure\/wp-content\/uploads\/2024\/01\/Voyage-Claire-au-Japon-9-768x576.jpg 768w\" sizes=\"(max-width: 1000px) 100vw, 1000px\" \/><\/figure>\n\n\n\n<p>Pour terminer la journ\u00e9e, Claire alla visiter l\u2019h\u00f4tel Mogana, un tr\u00e8s bel endroit o\u00f9 elle put noter que l\u2019attention port\u00e9e au confort plaira s\u00fbrement aux voyageurs Makila.<\/p>\n\n\n\n<p>Le lendemain matin, toute la famille enfourcha son v\u00e9lo \u00e9lectrique : \u201c<em>Par 36 degr\u00e9s d\u00e8s 9h du matin, nous n\u2019\u00e9tions pas m\u00e9contents<\/em>\u201d, se rappelle Claire. La ville se pr\u00eate bien aux d\u00e9placements \u00e0 v\u00e9lo: les rues sont tr\u00e8s larges, les voitures roulent lentement et comme dans la plupart des villes, sont peu nombreuses.<br><br>Ils visit\u00e8rent le Temple d\u2019or, Kinkaku-ji, un temple bouddhiste zen recouvert de feuilles d\u2019or, et se promen\u00e8rent dans le parc o\u00f9 ils purent admirer de beaux n\u00e9nuphars roses, jaunes, blancs, des lotus et quelques \u00eelots rocheux dispos\u00e9s selon les codes de l\u2019esth\u00e9tique zen.<\/p>\n\n\n\n<figure class=\"wp-block-image size-full\"><img loading=\"lazy\" width=\"1000\" height=\"750\" src=\"https:\/\/blog.makila.fr\/voyage-sur-mesure\/wp-content\/uploads\/2024\/01\/Voyage-Claire-au-Japon-10.jpg\" alt=\"\" class=\"wp-image-3946\" srcset=\"https:\/\/blog.makila.fr\/voyage-sur-mesure\/wp-content\/uploads\/2024\/01\/Voyage-Claire-au-Japon-10.jpg 1000w, https:\/\/blog.makila.fr\/voyage-sur-mesure\/wp-content\/uploads\/2024\/01\/Voyage-Claire-au-Japon-10-300x225.jpg 300w, https:\/\/blog.makila.fr\/voyage-sur-mesure\/wp-content\/uploads\/2024\/01\/Voyage-Claire-au-Japon-10-768x576.jpg 768w\" sizes=\"(max-width: 1000px) 100vw, 1000px\" \/><\/figure>\n\n\n\n<p>Puis ils reprirent leurs v\u00e9los \u00e0 travers la campagne bucolique, \u00e0 l\u2019Ouest de Kyoto : quelques rizi\u00e8res, un \u00e9tang o\u00f9 des familles p\u00eachent des \u00e9crevisses\u2026 avant d\u2019arriver dans une for\u00eat de bambous g\u00e9ants\u2026<br><br>Le voyage se poursuivit \u00e0 Nara, o\u00f9 des centaines de daims, gardiens de la cit\u00e9, se prom\u00e8nent autour des visiteurs\u2026 \u00e0 Hiroshima, et la tr\u00e8s \u00e9mouvante visite du mus\u00e9e comm\u00e9morant la trag\u00e9die du bombardement nucl\u00e9aire\u2026 \u00e0 Miyajima, l\u2019\u00eele des Dieux et de l\u2019\u00e9ternit\u00e9, o\u00f9 il \u00e9tait interdit de na\u00eetre et de mourir\u2026 pour en savoir plus sur ce pays extraordinaire <a href=\"https:\/\/www.makila.fr\/voyages\/pays\/91-japon\">et les circuits que nous pouvons y \u00e9laborer pour vous, n\u2019h\u00e9sitez pas \u00e0 contacter Claire<\/a> !<\/p>\n\n\n\n<figure class=\"wp-block-image size-full\"><img loading=\"lazy\" width=\"1000\" height=\"750\" src=\"https:\/\/blog.makila.fr\/voyage-sur-mesure\/wp-content\/uploads\/2024\/01\/Voyage-Claire-au-Japon-11.jpg\" alt=\"\" class=\"wp-image-3947\" srcset=\"https:\/\/blog.makila.fr\/voyage-sur-mesure\/wp-content\/uploads\/2024\/01\/Voyage-Claire-au-Japon-11.jpg 1000w, https:\/\/blog.makila.fr\/voyage-sur-mesure\/wp-content\/uploads\/2024\/01\/Voyage-Claire-au-Japon-11-300x225.jpg 300w, https:\/\/blog.makila.fr\/voyage-sur-mesure\/wp-content\/uploads\/2024\/01\/Voyage-Claire-au-Japon-11-768x576.jpg 768w\" sizes=\"(max-width: 1000px) 100vw, 1000px\" \/><\/figure>\n","protected":false},"excerpt":{"rendered":"<p>Claire pousse la porte d\u2019un \u201cisakaya\u201d situ\u00e9 dans un quartier branch\u00e9 de Tokyo. De grandes tables sont install\u00e9es autour d\u2019un bar o\u00f9 l\u2019on cuisine sous les yeux des clients. Claire, son mari et son fils sont surpris de voir qu\u2019il n\u2019y a que des jeunes -ils apprendront qu\u2019une fois mari\u00e9s, les japonais ne sortent plus [&hellip;]<\/p>\n","protected":false},"author":8,"featured_media":3937,"comment_status":"open","ping_status":"closed","sticky":false,"template":"","format":"standard","meta":{"ngg_post_thumbnail":0},"categories":[1],"tags":[],"_links":{"self":[{"href":"https:\/\/blog.makila.fr\/voyage-sur-mesure\/wp-json\/wp\/v2\/posts\/3936"}],"collection":[{"href":"https:\/\/blog.makila.fr\/voyage-sur-mesure\/wp-json\/wp\/v2\/posts"}],"about":[{"href":"https:\/\/blog.makila.fr\/voyage-sur-mesure\/wp-json\/wp\/v2\/types\/post"}],"author":[{"embeddable":true,"href":"https:\/\/blog.makila.fr\/voyage-sur-mesure\/wp-json\/wp\/v2\/users\/8"}],"replies":[{"embeddable":true,"href":"https:\/\/blog.makila.fr\/voyage-sur-mesure\/wp-json\/wp\/v2\/comments?post=3936"}],"version-history":[{"count":3,"href":"https:\/\/blog.makila.fr\/voyage-sur-mesure\/wp-json\/wp\/v2\/posts\/3936\/revisions"}],"predecessor-version":[{"id":3951,"href":"https:\/\/blog.makila.fr\/voyage-sur-mesure\/wp-json\/wp\/v2\/posts\/3936\/revisions\/3951"}],"wp:featuredmedia":[{"embeddable":true,"href":"https:\/\/blog.makila.fr\/voyage-sur-mesure\/wp-json\/wp\/v2\/media\/3937"}],"wp:attachment":[{"href":"https:\/\/blog.makila.fr\/voyage-sur-mesure\/wp-json\/wp\/v2\/media?parent=3936"}],"wp:term":[{"taxonomy":"category","embeddable":true,"href":"https:\/\/blog.makila.fr\/voyage-sur-mesure\/wp-json\/wp\/v2\/categories?post=3936"},{"taxonomy":"post_tag","embeddable":true,"href":"https:\/\/blog.makila.fr\/voyage-sur-mesure\/wp-json\/wp\/v2\/tags?post=3936"}],"curies":[{"name":"wp","href":"https:\/\/api.w.org\/{rel}","templated":true}]}}