{"id":3899,"date":"2023-09-27T09:45:00","date_gmt":"2023-09-27T08:45:00","guid":{"rendered":"https:\/\/blog.makila.fr\/voyage-sur-mesure\/?p=3899"},"modified":"2024-10-22T16:54:26","modified_gmt":"2024-10-22T15:54:26","slug":"souvenirs-dun-voyage-au-sultanat-doman%ef%bf%bc","status":"publish","type":"post","link":"https:\/\/blog.makila.fr\/voyage-sur-mesure\/souvenirs-dun-voyage-au-sultanat-doman%ef%bf%bc\/","title":{"rendered":"Souvenirs d\u2019un voyage au Sultanat d\u2019Oman"},"content":{"rendered":"\n<p>Terre des mille et une nuits, Oman est un pays qui, depuis une dizaine d\u2019ann\u00e9es, attire de plus en plus de visiteurs.<\/p>\n\n\n\n<p>Situ\u00e9 au Sud-Est de la p\u00e9ninsule arabique, il a l\u2019avantage d\u2019offrir aux voyageurs une belle vari\u00e9t\u00e9 de paysages sans leur imposer trop de route, depuis la superbe cha\u00eene de montagnes de Djebel Akhdar aux \u201cwadi\u201d, v\u00e9ritables oasis luxuriants \u00e9mergeant des \u00e9tendues rocheuses, en passant par un vaste d\u00e9sert de dunes.<\/p>\n\n\n\n<!--more-->\n\n\n\n<figure class=\"wp-block-image size-full\"><img loading=\"lazy\" width=\"800\" height=\"481\" src=\"https:\/\/blog.makila.fr\/voyage-sur-mesure\/wp-content\/uploads\/2023\/10\/Voyage-Oman-1.jpg\" alt=\"\" class=\"wp-image-3900\" srcset=\"https:\/\/blog.makila.fr\/voyage-sur-mesure\/wp-content\/uploads\/2023\/10\/Voyage-Oman-1.jpg 800w, https:\/\/blog.makila.fr\/voyage-sur-mesure\/wp-content\/uploads\/2023\/10\/Voyage-Oman-1-300x180.jpg 300w, https:\/\/blog.makila.fr\/voyage-sur-mesure\/wp-content\/uploads\/2023\/10\/Voyage-Oman-1-768x462.jpg 768w\" sizes=\"(max-width: 800px) 100vw, 800px\" \/><\/figure>\n\n\n\n<p>Intrigu\u00e9s par cette destination, Pierre et Christiane, f\u00e9rus de voyages sign\u00e9s Makila, se sont laiss\u00e9s charmer par cette terre inconnue.<br><em>\u201cLe voyage, m\u00ealant patrimoine et nature, a \u00e9t\u00e9 tr\u00e8s d\u00e9paysant. Nous avons \u00e9t\u00e9 accueillis par des gens tr\u00e8s agr\u00e9ables. Tout s\u2019est d\u00e9roul\u00e9 de mani\u00e8re fluide : tant notre chauffeur-guide que le personnel des h\u00f4tels \u00e9tait parfaitement organis\u00e9 et toujours \u00e0 l\u2019heure,\u201d <\/em>&nbsp;raconte Pierre. <em>\u201cDe plus, les standards de propret\u00e9 du pays sont \u00e9lev\u00e9s, cela se voit d\u00e8s l&rsquo;a\u00e9roport.<\/em><em>Les routes sont en tr\u00e8s bon \u00e9tat et il n\u2019y a pas de bouchons, ce qui est appr\u00e9ciable quand on voyage !\u201d<\/em><\/p>\n\n\n\n<h2><strong>Immersion dans l\u2019histoire et les traditions omanaises \u00e0 Mascate<\/strong><\/h2>\n\n\n\n<p>A leur arriv\u00e9e \u00e0 Mascate, capitale du pays, leur guide omanais Ali les accueillit chaleureusement. Il parlait un fran\u00e7ais impeccable et fut tr\u00e8s sympathique tout au long du s\u00e9jour.&nbsp;<br><em>\u201cRiche d\u2019histoire, Mascate est aujourd\u2019hui une ville moderne qui a r\u00e9ussi \u00e0 pr\u00e9server son charme d\u2019antan<\/em>\u201d, explique Pierre.<\/p>\n\n\n\n<figure class=\"wp-block-image size-full\"><img loading=\"lazy\" width=\"800\" height=\"560\" src=\"https:\/\/blog.makila.fr\/voyage-sur-mesure\/wp-content\/uploads\/2023\/10\/Voyage-Oman-2.jpg\" alt=\"\" class=\"wp-image-3901\" srcset=\"https:\/\/blog.makila.fr\/voyage-sur-mesure\/wp-content\/uploads\/2023\/10\/Voyage-Oman-2.jpg 800w, https:\/\/blog.makila.fr\/voyage-sur-mesure\/wp-content\/uploads\/2023\/10\/Voyage-Oman-2-300x210.jpg 300w, https:\/\/blog.makila.fr\/voyage-sur-mesure\/wp-content\/uploads\/2023\/10\/Voyage-Oman-2-768x538.jpg 768w\" sizes=\"(max-width: 800px) 100vw, 800px\" \/><\/figure>\n\n\n\n<p>Dans cette cit\u00e9 portuaire, la silhouette des maisons blanches se d\u00e9coupe sur la montagne orang\u00e9e. Pierre et son \u00e9pouse ont suivi les explications passionnantes d\u2019Ali tout en se promenant dans la ville : <em>\u201cGr\u00e2ce \u00e0 lui, nous avons pouss\u00e9 des portes qui ne sont normalement pas toujours ouvertes. \u201cVenez-voir, on va entrer l\u00e0\u201d, disait-il, car il connaissait tout le monde,<\/em>\u201d se souvient Pierre.<\/p>\n\n\n\n<p>Ils se rendirent \u00e0 la Mosqu\u00e9e du Sultan Qaboos, la plus imposante du pays, o\u00f9 l\u2019on trouve les plus grands tapis et chandelier du monde, respectivement tiss\u00e9 \u00e0 la main et serti d&rsquo;or.<\/p>\n\n\n\n<p>\u201c<em>Nous avons visit\u00e9 le Palais Royal et ses jardins fleuris, qui sont une merveille, ainsi que les forts qui surplombent la mer et rappellent l\u2019histoire militaire de la r\u00e9gion. Nous nous sommes promen\u00e9s sur la corniche, puis dans le souk de Mutrah\u2026 Ce fut une v\u00e9ritable plong\u00e9e dans la culture d\u2019Oman<\/em>.\u201d<\/p>\n\n\n\n<p>Ils quitt\u00e8rent la ville deux jours apr\u00e8s et se dirig\u00e8rent vers la r\u00e9gion montagneuse de Djebel Akhdar. Sur la route, ils travers\u00e8rent&nbsp; des villages abandonn\u00e9s et des ch\u00e2teaux m\u00e9di\u00e9vaux magnifiques, vestiges d\u2019une \u00e9poque r\u00e9volue.<br><em>\u201cOn nous a expliqu\u00e9 comment fonctionnait le syst\u00e8me d\u2019irrigation autrefois, autrement dit le \u201cfalaj\u201d, qui alimentait le village en eau potable et arrosait l\u2019oasis. C\u2019\u00e9tait tr\u00e8s ing\u00e9nieux ! \u201c<\/em> se rappelle Pierre.<\/p>\n\n\n\n<figure class=\"wp-block-image size-full\"><img loading=\"lazy\" width=\"800\" height=\"533\" src=\"https:\/\/blog.makila.fr\/voyage-sur-mesure\/wp-content\/uploads\/2023\/10\/Voyage-Oman-3.jpg\" alt=\"\" class=\"wp-image-3902\" srcset=\"https:\/\/blog.makila.fr\/voyage-sur-mesure\/wp-content\/uploads\/2023\/10\/Voyage-Oman-3.jpg 800w, https:\/\/blog.makila.fr\/voyage-sur-mesure\/wp-content\/uploads\/2023\/10\/Voyage-Oman-3-300x200.jpg 300w, https:\/\/blog.makila.fr\/voyage-sur-mesure\/wp-content\/uploads\/2023\/10\/Voyage-Oman-3-768x512.jpg 768w\" sizes=\"(max-width: 800px) 100vw, 800px\" \/><\/figure>\n\n\n\n<p>En s\u2019enfon\u00e7ant dans les terres, ils gagn\u00e8rent ainsi Nizwa, la deuxi\u00e8me ville la plus importante du pays et capitale m\u00e9di\u00e9vale d\u2019Oman. Ils y pass\u00e8rent deux jours, avant de reprendre la route vers la montagne, admirant sur leur chemin les superbes falaises et canyons, les terrasses agricoles, palmeraies et villages fortifi\u00e9s. C\u2019est dans cet environnement incomparable que se cache l\u2019h\u00f4tel Alila, qui forme l\u2019un des meilleurs souvenirs de leur voyage.<\/p>\n\n\n\n<h2><strong>Une oasis nich\u00e9e au-dessus des montagnes<\/strong><\/h2>\n\n\n\n<p>Situ\u00e9 dans l&rsquo;un des coins les plus recul\u00e9s de la cha\u00eene de montagnes Al Hajar, l&rsquo;h\u00f4tel Alila Jabal Akhdar est nich\u00e9 au sommet d\u2019une falaise, offrant un point de vue \u00e0 couper le souffle.<br><br><em>\u201cOn se croirait au bout du monde<\/em>, explique Pierre, <em>c\u2019est vraiment un d\u00e9cor irr\u00e9el<\/em>.\u201d<\/p>\n\n\n\n<figure class=\"wp-block-image size-full\"><img loading=\"lazy\" width=\"800\" height=\"295\" src=\"https:\/\/blog.makila.fr\/voyage-sur-mesure\/wp-content\/uploads\/2023\/10\/Voyage-Oman-4.jpg\" alt=\"\" class=\"wp-image-3903\" srcset=\"https:\/\/blog.makila.fr\/voyage-sur-mesure\/wp-content\/uploads\/2023\/10\/Voyage-Oman-4.jpg 800w, https:\/\/blog.makila.fr\/voyage-sur-mesure\/wp-content\/uploads\/2023\/10\/Voyage-Oman-4-300x111.jpg 300w, https:\/\/blog.makila.fr\/voyage-sur-mesure\/wp-content\/uploads\/2023\/10\/Voyage-Oman-4-768x283.jpg 768w\" sizes=\"(max-width: 800px) 100vw, 800px\" \/><\/figure>\n\n\n\n<p>Construit en pierre et en bois de la r\u00e9gion, l\u2019h\u00f4tel Alila s\u2019int\u00e8gre parfaitement dans son environnement naturel. Son architecture refl\u00e8te une influence locale et y allie le confort moderne. Une superbe piscine s\u2019\u00e9tend dans son enceinte, surplombant un canyon rocailleux\u2026<br>\u201c<em>A notre arriv\u00e9e, on nous a offert du caf\u00e9 et des dattes du coin. Nous avons devis\u00e9 avec le personnel d\u2019origine indienne, qui \u00e9tait tr\u00e8s aimable, comme tous les gens que nous avions rencontr\u00e9s jusque l\u00e0. Puis nous avons d\u00e9couvert notre suite qui donnait sur une terrasse, offrant un superbe panorama sur les montagnes et d\u2019impressionnants d\u00e9nivel\u00e9s.\u201d<\/em><\/p>\n\n\n\n<figure class=\"wp-block-image size-full\"><img loading=\"lazy\" width=\"800\" height=\"533\" src=\"https:\/\/blog.makila.fr\/voyage-sur-mesure\/wp-content\/uploads\/2023\/10\/Voyage-Oman-5.jpg\" alt=\"\" class=\"wp-image-3904\" srcset=\"https:\/\/blog.makila.fr\/voyage-sur-mesure\/wp-content\/uploads\/2023\/10\/Voyage-Oman-5.jpg 800w, https:\/\/blog.makila.fr\/voyage-sur-mesure\/wp-content\/uploads\/2023\/10\/Voyage-Oman-5-300x200.jpg 300w, https:\/\/blog.makila.fr\/voyage-sur-mesure\/wp-content\/uploads\/2023\/10\/Voyage-Oman-5-768x512.jpg 768w\" sizes=\"(max-width: 800px) 100vw, 800px\" \/><\/figure>\n\n\n\n<p>Dans l\u2019apr\u00e8s-midi, Pierre et son \u00e9pouse all\u00e8rent se promener dans la montagne alentour et se laiss\u00e8rent envo\u00fbter par la beaut\u00e9 spectaculaire de la r\u00e9gion.<\/p>\n\n\n\n<p><em>\u201cIl y a beaucoup de promenades \u00e0 faire \u00e0 pied, sans souffrir de la chaleur puisque nous sommes \u00e0 2000m d\u2019altitude ! C\u2019est un endroit plein de po\u00e9sie. Le sentier, balis\u00e9 par un papillon jaune dessin\u00e9 sur la pierre, nous a conduit \u00e0 travers les villages et les cultures.\u201d<\/em><\/p>\n\n\n\n<p>Djebel Akhdar signifie \u00ab\u00a0montagne verte\u00a0\u00bb en arabe : dans cet endroit, consid\u00e9r\u00e9 comme la coupe de fruits d&rsquo;Oman, grenades, abricots et roses poussent en abondance dans un climat de type m\u00e9diterran\u00e9en. \u201c<em>Au mois de mars, les roses \u00e9taient encore en bouton. Imaginez les paysages au mois d\u2019avril\u2026 ce doit \u00eatre magnifique.<\/em>\u201d<\/p>\n\n\n\n<p>Durant leur s\u00e9jour \u00e0 Oman, Pierre et son \u00e9pouse furent tr\u00e8s marqu\u00e9s par la gentillesse et le d\u00e9vouement des gens qu\u2019ils rencontr\u00e8rent. Alors qu\u2019ils montaient le col de Jebel Shams, le plus haut point d\u2019Oman, pour y admirer la vue, la voiture \u00e9mit un bruit surprenant : l\u2019un des pneus venait de crever. Le temps de constater les d\u00e9g\u00e2ts, plusieurs omanais se dirigeaient d\u00e9j\u00e0 vers eux pour les aider \u00e0 changer la roue.<\/p>\n\n\n\n<p>\u201c<em>Ali n\u2019a pas eu le temps d\u2019ouvrir le coffre que l\u2019affaire \u00e9tait d\u00e9j\u00e0 r\u00e9gl\u00e9e, <\/em>confie Pierre<em>. Les omanais sont particuli\u00e8rement accueillants et font preuve d\u2019une entraide incroyable<\/em>\u201d, conclut-il.<\/p>\n\n\n\n<h2><strong>Du d\u00e9sert de Wahiba \u00e0 l\u2019oasis de Wadi Shab<\/strong><\/h2>\n\n\n\n<p>Apr\u00e8s cette \u00e9tape enchanteresse, nos voyageurs reprirent la route vers le d\u00e9sert.<\/p>\n\n\n\n<p>Vaste \u00e9tendue de dunes aux teintes ocre, le d\u00e9sert de Wahiba abrite le peuple B\u00e9douin depuis 7000 ans. Nos voyageurs arriv\u00e8rent en fin de journ\u00e9e pour passer la nuit dans leur confortable camp de toile. Mais ils dormirent peu, ayant mis leur r\u00e9veil \u00e0 5h du matin pour assister au lever du soleil\u2026<\/p>\n\n\n\n<figure class=\"wp-block-image size-full\"><img loading=\"lazy\" width=\"800\" height=\"530\" src=\"https:\/\/blog.makila.fr\/voyage-sur-mesure\/wp-content\/uploads\/2023\/10\/Voyage-Oman-6.jpg\" alt=\"\" class=\"wp-image-3905\" srcset=\"https:\/\/blog.makila.fr\/voyage-sur-mesure\/wp-content\/uploads\/2023\/10\/Voyage-Oman-6.jpg 800w, https:\/\/blog.makila.fr\/voyage-sur-mesure\/wp-content\/uploads\/2023\/10\/Voyage-Oman-6-300x199.jpg 300w, https:\/\/blog.makila.fr\/voyage-sur-mesure\/wp-content\/uploads\/2023\/10\/Voyage-Oman-6-768x509.jpg 768w\" sizes=\"(max-width: 800px) 100vw, 800px\" \/><\/figure>\n\n\n\n<p><em>\u201cNous sommes mont\u00e9s \u00e0 pied au sommet d\u2019une haute dune o\u00f9, dans un silence absolu, nous avons attendu patiemment que le soleil se l\u00e8ve. Enfin, la lumi\u00e8re est apparue : le camp, encore dans l\u2019obscurit\u00e9 en contrebas, s\u2019est \u00e9clair\u00e9 petit \u00e0 petit. Il y a eu un beau jeu d\u2019ombres et de lumi\u00e8res sur les dunes. Le spectacle a dur\u00e9 une quinzaine de minutes et s\u2019est d\u00e9roul\u00e9 dans une atmosph\u00e8re calme et apaisante. Nous n\u2019\u00e9tions que six personnes \u00e0 y assister, ce qui nous allait parfaitement, nous qui aimons fuir la foule.\u201d<\/em><\/p>\n\n\n\n<p>En rentrant au camp, ils crois\u00e8rent des dromadaires qui se promenaient non loin d\u2019eux, aupr\u00e8s de qui ils rest\u00e8rent un moment<em>. <\/em>Quelques oryx habitent \u00e9galement ce d\u00e9sert, mais ne se sont pas montr\u00e9s.<\/p>\n\n\n\n<p>Le voyage se poursuivit jusqu\u2019\u00e0 Raz Al Jin, au bord de la mer, dans une r\u00e9serve de tortues marines. Ils ont pr\u00e9vu de partir en excursion de nuit, sur la plage, pour les voir pondre leurs \u0153ufs dans le sable.<\/p>\n\n\n\n<p>\u201c<em>Nous savions que cela n\u2019\u00e9tait pas la meilleure p\u00e9riode pour les observer, mais nous avons tout de m\u00eame pu voir une tortue sortir de l\u2019eau et se hisser sur la plage\u2026 et surtout, gr\u00e2ce \u00e0 Ali, nous avons profit\u00e9 des explications d\u2019un guide naturaliste, qui s\u2019est adress\u00e9 \u00e0 nous exclusivement, ce qui a rendu la visite particuli\u00e8rement int\u00e9ressante<\/em>\u201d, se rappelle Pierre.<\/p>\n\n\n\n<p>Sur le chemin du retour, en rentrant vers Mascate, ils travers\u00e8rent la r\u00e9gion montagneuse et semi-d\u00e9sertique de Wadi Shab. Dans cet endroit aride, par intermittence, on voit surgir du fond des canyons un cours d\u2019eau et son oasis de verdure qui l\u2019accompagne.<\/p>\n\n\n\n<figure class=\"wp-block-image size-full\"><img loading=\"lazy\" width=\"800\" height=\"533\" src=\"https:\/\/blog.makila.fr\/voyage-sur-mesure\/wp-content\/uploads\/2023\/10\/Voyage-Oman-7.jpg\" alt=\"\" class=\"wp-image-3906\" srcset=\"https:\/\/blog.makila.fr\/voyage-sur-mesure\/wp-content\/uploads\/2023\/10\/Voyage-Oman-7.jpg 800w, https:\/\/blog.makila.fr\/voyage-sur-mesure\/wp-content\/uploads\/2023\/10\/Voyage-Oman-7-300x200.jpg 300w, https:\/\/blog.makila.fr\/voyage-sur-mesure\/wp-content\/uploads\/2023\/10\/Voyage-Oman-7-768x512.jpg 768w\" sizes=\"(max-width: 800px) 100vw, 800px\" \/><\/figure>\n\n\n\n<p>\u201c<em>Le contraste entre cette v\u00e9g\u00e9tation et la couleur ocre de la montagne est vraiment magnifique. Nous nous sommes promen\u00e9s en 4&#215;4 dans cet endroit montagneux et plein de charme. C\u2019\u00e9tait une aventure, car il faut savoir conduire sur ces pistes !\u201d <\/em>sourit Pierre.<\/p>\n\n\n\n<p>De retour \u00e0 Mascate, ils profit\u00e8rent d\u2019un dernier tr\u00e8s bon restaurant de poissons, avant que ne sonne la fin du voyage.&nbsp;<br>\u201c<em>Nous avons \u00e9t\u00e9 enchant\u00e9s par la d\u00e9couverte de ce beau pays. En l\u2019espace de huit jours, nous avons pu voir les diff\u00e9rentes facettes d\u2019Oman, dans un rayon de kilom\u00e8tres assez restreint. Tout a \u00e9t\u00e9 tr\u00e8s bien organis\u00e9, comme d\u2019habitude. On sait o\u00f9 l\u2019on va avec Makila. Cela fait vingt ans que l\u2019on part avec eux\u201d, <\/em>conclut Pierre.<\/p>\n","protected":false},"excerpt":{"rendered":"<p>Terre des mille et une nuits, Oman est un pays qui, depuis une dizaine d\u2019ann\u00e9es, attire de plus en plus de visiteurs. Situ\u00e9 au Sud-Est de la p\u00e9ninsule arabique, il a l\u2019avantage d\u2019offrir aux voyageurs une belle vari\u00e9t\u00e9 de paysages sans leur imposer trop de route, depuis la superbe cha\u00eene de montagnes de Djebel Akhdar [&hellip;]<\/p>\n","protected":false},"author":8,"featured_media":3902,"comment_status":"open","ping_status":"closed","sticky":false,"template":"","format":"standard","meta":{"ngg_post_thumbnail":0},"categories":[1],"tags":[],"_links":{"self":[{"href":"https:\/\/blog.makila.fr\/voyage-sur-mesure\/wp-json\/wp\/v2\/posts\/3899"}],"collection":[{"href":"https:\/\/blog.makila.fr\/voyage-sur-mesure\/wp-json\/wp\/v2\/posts"}],"about":[{"href":"https:\/\/blog.makila.fr\/voyage-sur-mesure\/wp-json\/wp\/v2\/types\/post"}],"author":[{"embeddable":true,"href":"https:\/\/blog.makila.fr\/voyage-sur-mesure\/wp-json\/wp\/v2\/users\/8"}],"replies":[{"embeddable":true,"href":"https:\/\/blog.makila.fr\/voyage-sur-mesure\/wp-json\/wp\/v2\/comments?post=3899"}],"version-history":[{"count":3,"href":"https:\/\/blog.makila.fr\/voyage-sur-mesure\/wp-json\/wp\/v2\/posts\/3899\/revisions"}],"predecessor-version":[{"id":3912,"href":"https:\/\/blog.makila.fr\/voyage-sur-mesure\/wp-json\/wp\/v2\/posts\/3899\/revisions\/3912"}],"wp:featuredmedia":[{"embeddable":true,"href":"https:\/\/blog.makila.fr\/voyage-sur-mesure\/wp-json\/wp\/v2\/media\/3902"}],"wp:attachment":[{"href":"https:\/\/blog.makila.fr\/voyage-sur-mesure\/wp-json\/wp\/v2\/media?parent=3899"}],"wp:term":[{"taxonomy":"category","embeddable":true,"href":"https:\/\/blog.makila.fr\/voyage-sur-mesure\/wp-json\/wp\/v2\/categories?post=3899"},{"taxonomy":"post_tag","embeddable":true,"href":"https:\/\/blog.makila.fr\/voyage-sur-mesure\/wp-json\/wp\/v2\/tags?post=3899"}],"curies":[{"name":"wp","href":"https:\/\/api.w.org\/{rel}","templated":true}]}}