{"id":3874,"date":"2023-07-08T09:04:00","date_gmt":"2023-07-08T08:04:00","guid":{"rendered":"https:\/\/blog.makila.fr\/voyage-sur-mesure\/?p=3874"},"modified":"2024-10-22T16:54:26","modified_gmt":"2024-10-22T15:54:26","slug":"viree-familiale-aux-seychelles-un-voyage-nature-dans-des-iles-de-legende","status":"publish","type":"post","link":"https:\/\/blog.makila.fr\/voyage-sur-mesure\/viree-familiale-aux-seychelles-un-voyage-nature-dans-des-iles-de-legende\/","title":{"rendered":"Vir\u00e9e familiale aux Seychelles : un voyage nature dans des \u00eeles de l\u00e9gende"},"content":{"rendered":"\n<p><em>Elle range ses palmes et se pr\u00e9pare \u00e0 la deuxi\u00e8me partie de l\u2019excursion : la d\u00e9couverte de l\u2019\u00eele Curieuse. Un nom myst\u00e9rieux, celui de la go\u00e9lette fran\u00e7aise qui a d\u00e9couvert les lieux au XVIII\u00e8me si\u00e8cle.<\/em><\/p>\n\n\n\n<p><em>Tout en respirant profond\u00e9ment l\u2019air ti\u00e8de charg\u00e9 d\u2019embruns, Laure observe l\u2019\u00eelot Saint-Pierre s\u2019\u00e9loigner \u00e0 mesure que le bateau prend le large. Le vent souffle dans les palmiers qui se dessinent sur le bleu du ciel. Tout autour, les d\u00e9grad\u00e9s de bleu sont d\u2019une beaut\u00e9 \u00e9poustouflante. Ce bleu, toujours ce bleu ! C\u2019est ce qui l\u2019aura le plus marqu\u00e9e depuis son arriv\u00e9e dans ces \u00eeles.&nbsp;<\/em><\/p>\n\n\n\n<!--more-->\n\n\n\n<p><em>Le bateau ralentit : Curieuse est en vue. L\u2019\u00eele semble d\u00e9serte, comme si personne n\u2019y avait accost\u00e9 depuis des si\u00e8cles&#8230; Les derni\u00e8res anecdotes entendues \u00e0 Mah\u00e9 l\u2019ont transport\u00e9e dans le temps : ces plages fantastiques gardent-elles pr\u00e9cieusement un tr\u00e9sor de pirates enfoui sous le sable chaud ? Le capitaine fait signe de descendre, la petite famille met pied \u00e0 terre\u2026<\/em><\/p>\n\n\n\n<figure class=\"wp-block-image size-full\"><img loading=\"lazy\" width=\"1000\" height=\"750\" src=\"https:\/\/blog.makila.fr\/voyage-sur-mesure\/wp-content\/uploads\/2023\/09\/Voyage-aux-Seychelles-Google-Docs-1.jpg\" alt=\"\" class=\"wp-image-3875\" srcset=\"https:\/\/blog.makila.fr\/voyage-sur-mesure\/wp-content\/uploads\/2023\/09\/Voyage-aux-Seychelles-Google-Docs-1.jpg 1000w, https:\/\/blog.makila.fr\/voyage-sur-mesure\/wp-content\/uploads\/2023\/09\/Voyage-aux-Seychelles-Google-Docs-1-300x225.jpg 300w, https:\/\/blog.makila.fr\/voyage-sur-mesure\/wp-content\/uploads\/2023\/09\/Voyage-aux-Seychelles-Google-Docs-1-768x576.jpg 768w\" sizes=\"(max-width: 1000px) 100vw, 1000px\" \/><\/figure>\n\n\n\n<p>D\u2019abord connues pour leurs plages paradisiaques aux rochers de granit rose et leurs fonds marins exceptionnels, les Seychelles ont bien des attraits. Cet ensemble d\u2019\u00eeles de l\u2019Oc\u00e9an Indien, encore tr\u00e8s sauvages, poss\u00e8de aussi de vastes parcs \u00e0 la nature luxuriante et au relief montagneux, propices aux randonn\u00e9es et \u00e0 la d\u00e9couverte d\u2019esp\u00e8ces animales end\u00e9miques. C\u2019est \u00e9galement un endroit o\u00f9 l\u2019on apprend \u00e0 ralentir en vivant au rythme des \u00eeliens, et o\u00f9 l\u2019on go\u00fbte une gastronomie savoureuse. Apr\u00e8s avoir report\u00e9 leur voyage aux Seychelles en famille trois fois \u00e0 cause des restrictions li\u00e9es au Covid, Laure et sa famille ont enfin pu s\u2019envoler pour les Seychelles. Ils ont pr\u00e9vu de faire escale \u00e0 Mah\u00e9, La Digue et Praslin : trois \u00eeles compl\u00e9mentaires o\u00f9 l\u2019ambiance et les activit\u00e9s diff\u00e8rent, pour ne rien manquer de la richesse de l\u2019archipel.<\/p>\n\n\n\n<h2><strong>Mah\u00e9, \u00eele d&rsquo;abondance et de l\u00e9gendes<\/strong><\/h2>\n\n\n\n<p>Mah\u00e9 est l\u2019\u00eele principale des Seychelles, o\u00f9 se situe Victoria, l\u2019une des plus petites capitales du monde. Laure et sa famille ont consacr\u00e9 deux matin\u00e9es \u00e0 la visite de cette ville, r\u00e9servant les apr\u00e8s-midis plus chauds \u00e0 des activit\u00e9s rafra\u00eechissantes au bord de l\u2019eau.<\/p>\n\n\n\n<figure class=\"wp-block-image size-full\"><img loading=\"lazy\" width=\"1000\" height=\"750\" src=\"https:\/\/blog.makila.fr\/voyage-sur-mesure\/wp-content\/uploads\/2023\/09\/Voyage-aux-Seychelles-Google-Docs-2.jpg\" alt=\"\" class=\"wp-image-3876\" srcset=\"https:\/\/blog.makila.fr\/voyage-sur-mesure\/wp-content\/uploads\/2023\/09\/Voyage-aux-Seychelles-Google-Docs-2.jpg 1000w, https:\/\/blog.makila.fr\/voyage-sur-mesure\/wp-content\/uploads\/2023\/09\/Voyage-aux-Seychelles-Google-Docs-2-300x225.jpg 300w, https:\/\/blog.makila.fr\/voyage-sur-mesure\/wp-content\/uploads\/2023\/09\/Voyage-aux-Seychelles-Google-Docs-2-768x576.jpg 768w\" sizes=\"(max-width: 1000px) 100vw, 1000px\" \/><\/figure>\n\n\n\n<p>En cheminant parmi les maisons cr\u00e9oles, leur guide Jacqueline leur a expliqu\u00e9 l\u2019histoire des b\u00e2timents de Victoria : ici, la jolie biblioth\u00e8que a \u00e9t\u00e9 install\u00e9e dans l\u2019ancienne maison du gouverneur. L\u00e0, la cath\u00e9drale de l\u2019Immacul\u00e9e Conception, \u00e0 l\u2019architecture coloniale fran\u00e7aise, est un haut lieu de recueillement des seychellois, \u00e0 majorit\u00e9 catholiques. Plus loin, le temple hindou color\u00e9 \u00e9l\u00e8ve son toit enti\u00e8rement sculpt\u00e9 au-dessus de la ville.<\/p>\n\n\n\n<p>Arriv\u00e9es au grand march\u00e9 de Selwyn Selwyn Clarke, dit \u201cle Bazar\u201d, les filles de Laure ont \u00e9t\u00e9 \u00e9merveill\u00e9es par la vari\u00e9t\u00e9 des produits propos\u00e9s. Sur les \u00e9tals, elles ont trouv\u00e9 d\u2019app\u00e9tissants poissons et fruits de mer, une multitude d\u2019\u00e9pices -cannelle, noix de muscade, citronnelle\u2026, des l\u00e9gumes et fruits exotiques, dont certains qu\u2019elles n\u2019avaient jamais vus auparavant\u2026<\/p>\n\n\n\n<figure class=\"wp-block-image size-full\"><img loading=\"lazy\" width=\"1000\" height=\"611\" src=\"https:\/\/blog.makila.fr\/voyage-sur-mesure\/wp-content\/uploads\/2023\/09\/Voyage-aux-Seychelles-Google-Docs-3.jpg\" alt=\"\" class=\"wp-image-3877\" srcset=\"https:\/\/blog.makila.fr\/voyage-sur-mesure\/wp-content\/uploads\/2023\/09\/Voyage-aux-Seychelles-Google-Docs-3.jpg 1000w, https:\/\/blog.makila.fr\/voyage-sur-mesure\/wp-content\/uploads\/2023\/09\/Voyage-aux-Seychelles-Google-Docs-3-300x183.jpg 300w, https:\/\/blog.makila.fr\/voyage-sur-mesure\/wp-content\/uploads\/2023\/09\/Voyage-aux-Seychelles-Google-Docs-3-768x469.jpg 768w\" sizes=\"(max-width: 1000px) 100vw, 1000px\" \/><\/figure>\n\n\n\n<p>\u201c<em>Dans ce lieu anim\u00e9, les gens prennent le temps de faire leurs achats et discutent nonchalamment,<\/em> explique Laure. <em>C\u2019est le moment de ralentir et d\u2019ajuster son rythme \u00e0 celui des \u00eeles et de leurs habitants. C\u2019est tout un art de vivre !\u201d,<\/em> poursuit-elle.<\/p>\n\n\n\n<p>Durant l&rsquo;apr\u00e8s-midi, nos quatre voyageurs se sont promen\u00e9s sur la c\u00f4te Est de l\u2019\u00eele. Le chemin les a men\u00e9s \u00e0 Anse Royale : pr\u00e9serv\u00e9e dans son \u00e9crin de verdure et bord\u00e9e de rochers de granit, cette plage est si belle qu\u2019elle force l\u2019admiration. Le sable blanc scintille devant les eaux bleu roi, qui virent au bleu turquoise, puis presque \u00e9meraude\u2026. Saisissant son appareil photo, Laure s\u2019en est donn\u00e9 \u00e0 c\u0153ur joie avant de se baigner, faire un peu de snorkeling et profiter du paysage.<\/p>\n\n\n\n<p>Parmi les excursions que Laure aurait aim\u00e9 faire \u00e0 Mah\u00e9 figure la promenade sur la c\u00f4te Ouest, passant par Anse Soleil et Petite Anse, jusqu\u2019\u00e0 l\u2019imposante baie Lazare, longue de plusieurs kilom\u00e8tres. C\u2019est l\u00e0 que les Seychellois ont d\u00e9terr\u00e9 un tr\u00e9sor de pirates, que l\u2019on peut admirer aujourd\u2019hui au Mus\u00e9e National\u2026<\/p>\n\n\n\n<figure class=\"wp-block-image size-full\"><img loading=\"lazy\" width=\"1000\" height=\"750\" src=\"https:\/\/blog.makila.fr\/voyage-sur-mesure\/wp-content\/uploads\/2023\/09\/Voyage-aux-Seychelles-Google-Docs-4.jpg\" alt=\"\" class=\"wp-image-3878\" srcset=\"https:\/\/blog.makila.fr\/voyage-sur-mesure\/wp-content\/uploads\/2023\/09\/Voyage-aux-Seychelles-Google-Docs-4.jpg 1000w, https:\/\/blog.makila.fr\/voyage-sur-mesure\/wp-content\/uploads\/2023\/09\/Voyage-aux-Seychelles-Google-Docs-4-300x225.jpg 300w, https:\/\/blog.makila.fr\/voyage-sur-mesure\/wp-content\/uploads\/2023\/09\/Voyage-aux-Seychelles-Google-Docs-4-768x576.jpg 768w\" sizes=\"(max-width: 1000px) 100vw, 1000px\" \/><\/figure>\n\n\n\n<p>Le lendemain, Laure a programm\u00e9 une escapade aux Jardins du Roi, un ancien jardin de plantes et d\u2019\u00e9pices datant du XVIII\u00e8me si\u00e8cle, situ\u00e9 sur les hauteurs d\u2019Anse Royale. Il s\u2019agit d\u2019un vaste domaine fleuri o\u00f9 l\u2019on peut se promener longuement et visiter la maison coloniale d\u2019une ancienne famille de planteurs, quasiment dans son \u00e9tat d\u2019origine.&nbsp;<\/p>\n\n\n\n<p>\u201c<em>Nous avons beaucoup aim\u00e9 d\u00e9ambuler parmi les orangers, les dattiers, les tiges de cannes \u00e0 sucre, humant les odeurs de poivre et de vanille que le vent nous apportait\u2026\u201d,<\/em> se souvient Laure, le sourire aux l\u00e8vres. \u201c<em>Nous avons sirot\u00e9 un jus de fruit maison \u00e0 base de papaye, de coco ou de mangue<\/em>, <em>tout en observant le bleu changeant de la mer en contrebas\u2026\u201d<\/em><\/p>\n\n\n\n<p>L\u2019heure du d\u00e9jeuner approchant, la petite famille s\u2019est install\u00e9e \u00e0 la terrasse du restaurant pour d\u00e9guster des sp\u00e9cialit\u00e9s cr\u00e9oles : pur\u00e9e de patates douces, poisson dans une feuille de banane, curry de poulet\u2026 tout en profitant du jardin exotique.<\/p>\n\n\n\n<figure class=\"wp-block-image size-full\"><img loading=\"lazy\" width=\"1000\" height=\"750\" src=\"https:\/\/blog.makila.fr\/voyage-sur-mesure\/wp-content\/uploads\/2023\/09\/Voyage-aux-Seychelles-Google-Docs-5.jpg\" alt=\"\" class=\"wp-image-3879\" srcset=\"https:\/\/blog.makila.fr\/voyage-sur-mesure\/wp-content\/uploads\/2023\/09\/Voyage-aux-Seychelles-Google-Docs-5.jpg 1000w, https:\/\/blog.makila.fr\/voyage-sur-mesure\/wp-content\/uploads\/2023\/09\/Voyage-aux-Seychelles-Google-Docs-5-300x225.jpg 300w, https:\/\/blog.makila.fr\/voyage-sur-mesure\/wp-content\/uploads\/2023\/09\/Voyage-aux-Seychelles-Google-Docs-5-768x576.jpg 768w\" sizes=\"(max-width: 1000px) 100vw, 1000px\" \/><\/figure>\n\n\n\n<p><em>\u201cCes quelques jours \u00e0 Mah\u00e9 nous ont permis de nous impr\u00e9gner de l\u2019ambiance et de comprendre l\u2019histoire des Seychelles<\/em>\u201d, conclut Laure.<\/p>\n\n\n\n<h2>Coup de c\u0153ur<strong> pour La Digue, sous son manteau de verdure<\/strong><\/h2>\n\n\n\n<p>La Digue est la plus petite et la plus pr\u00e9serv\u00e9e des trois \u00eeles visit\u00e9es par nos voyageurs.<\/p>\n\n\n\n<p>Apr\u00e8s une heure et demie de travers\u00e9e en bateau depuis Mah\u00e9, Laure et sa famille sont tout de suite conquis par la tranquillit\u00e9 sauvage de l\u2019\u00eele et le sentiment de grande d\u00e9tente qui en \u00e9mane. A la Digue, les voitures n\u2019existent quasiment pas: on circule uniquement \u00e0 pied ou \u00e0 v\u00e9lo.<\/p>\n\n\n\n<figure class=\"wp-block-image size-full\"><img loading=\"lazy\" width=\"1000\" height=\"314\" src=\"https:\/\/blog.makila.fr\/voyage-sur-mesure\/wp-content\/uploads\/2023\/09\/Voyage-aux-Seychelles-Google-Docs-6.jpg\" alt=\"\" class=\"wp-image-3880\" srcset=\"https:\/\/blog.makila.fr\/voyage-sur-mesure\/wp-content\/uploads\/2023\/09\/Voyage-aux-Seychelles-Google-Docs-6.jpg 1000w, https:\/\/blog.makila.fr\/voyage-sur-mesure\/wp-content\/uploads\/2023\/09\/Voyage-aux-Seychelles-Google-Docs-6-300x94.jpg 300w, https:\/\/blog.makila.fr\/voyage-sur-mesure\/wp-content\/uploads\/2023\/09\/Voyage-aux-Seychelles-Google-Docs-6-768x241.jpg 768w\" sizes=\"(max-width: 1000px) 100vw, 1000px\" \/><\/figure>\n\n\n\n<p>Une fois \u00e0 terre, la petite famille d\u00e9cide de partir \u00e0 v\u00e9lo pour l\u2019Union Estate, une plantation de cocotiers et de vanille du temps des colonies. Le chemin sillonne agr\u00e9ablement au milieu des arbres fruitiers avant de d\u00e9boucher sur la majestueuse plage Anse Source d\u2019Argent, probablement la plus connue des Seychelles. Bord\u00e9e de gigantesques formations rocheuses granitiques et de palmiers verts, elle resplendit, d\u00e9voilant un sable blanc \u00e9tincelant et une eau allant du bleu turquoise au bleu cobalt.<\/p>\n\n\n\n<figure class=\"wp-block-image size-full\"><img loading=\"lazy\" width=\"1000\" height=\"666\" src=\"https:\/\/blog.makila.fr\/voyage-sur-mesure\/wp-content\/uploads\/2023\/09\/Voyage-aux-Seychelles-Google-Docs-7.jpg\" alt=\"\" class=\"wp-image-3881\" srcset=\"https:\/\/blog.makila.fr\/voyage-sur-mesure\/wp-content\/uploads\/2023\/09\/Voyage-aux-Seychelles-Google-Docs-7.jpg 1000w, https:\/\/blog.makila.fr\/voyage-sur-mesure\/wp-content\/uploads\/2023\/09\/Voyage-aux-Seychelles-Google-Docs-7-300x200.jpg 300w, https:\/\/blog.makila.fr\/voyage-sur-mesure\/wp-content\/uploads\/2023\/09\/Voyage-aux-Seychelles-Google-Docs-7-768x511.jpg 768w\" sizes=\"(max-width: 1000px) 100vw, 1000px\" \/><\/figure>\n\n\n\n<p><\/p>\n\n\n\n<p>\u201c<em>Beaucoup de touristes viennent \u00e0 La Digue uniquement pour voir cette plage, faisant l\u2019aller-retour durant la journ\u00e9e. En s\u2019installant quatre jours \u00e0 la Digue, nous avons pu tranquillement d\u00e9couvrir les tr\u00e9sors de l\u2019\u00eele, \u00e0 commencer par cette extraordinaire plage d\u2019Anse Source d\u2019Argent. Aux alentours de 16h, les touristes du jour sont partis prendre le dernier bateau, quittant la plage. Nous y sommes rest\u00e9s jusqu\u2019au coucher du soleil que nous avons admir\u00e9 en toute tranquillit\u00e9 dans ce cadre sublime\u201d, <\/em>raconte Laure. \u201c<em>Nous sommes ensuite rentr\u00e9s \u00e0 v\u00e9lo \u00e0 l\u2019h\u00f4tel\u2026 les filles ont beaucoup aim\u00e9 p\u00e9daler de nuit dans le parc tout en admirant le ciel changer de couleur. Nous avons tous gard\u00e9 un super souvenir de cette soir\u00e9e !<\/em>\u201d conclut-elle.<\/p>\n\n\n\n<p><\/p>\n\n\n\n<figure class=\"wp-block-image size-full\"><img loading=\"lazy\" width=\"1000\" height=\"563\" src=\"https:\/\/blog.makila.fr\/voyage-sur-mesure\/wp-content\/uploads\/2023\/09\/Voyage-aux-Seychelles-Google-Docs-8.jpg\" alt=\"\" class=\"wp-image-3882\" srcset=\"https:\/\/blog.makila.fr\/voyage-sur-mesure\/wp-content\/uploads\/2023\/09\/Voyage-aux-Seychelles-Google-Docs-8.jpg 1000w, https:\/\/blog.makila.fr\/voyage-sur-mesure\/wp-content\/uploads\/2023\/09\/Voyage-aux-Seychelles-Google-Docs-8-300x169.jpg 300w, https:\/\/blog.makila.fr\/voyage-sur-mesure\/wp-content\/uploads\/2023\/09\/Voyage-aux-Seychelles-Google-Docs-8-768x432.jpg 768w\" sizes=\"(max-width: 1000px) 100vw, 1000px\" \/><\/figure>\n\n\n\n<p>Le lendemain, la petite troupe s\u2019est lanc\u00e9e dans une excursion plus sportive, grimpant \u00e0 v\u00e9lo jusqu\u2019\u00e0 Anse S\u00e9v\u00e8re, sur les hauteurs de la pointe Nord de l\u2019\u00eele. Dans ces lieux pr\u00e9serv\u00e9s, les rares h\u00f4tels sont retranch\u00e9s dans la v\u00e9g\u00e9tation, laissant tout leur charme aux plages. Anse S\u00e9v\u00e8re n\u2019\u00e9tant accessible qu\u2019apr\u00e8s une longue marche ou une balade \u00e0 v\u00e9lo, on y trouve peu de monde.&nbsp;<\/p>\n\n\n\n<p>\u201c<em>Apr\u00e8s l\u2019effort, notre baignade a \u00e9t\u00e9 extr\u00eamement appr\u00e9ci\u00e9e ! Au retour, nous sommes descendus par Anse Gaulettes o\u00f9 une fois de plus, nous \u00e9tions quasi seuls \u00e0 profiter des lieux\u2026 sur cette superbe plage, le courant est assez fort et la baignade n\u2019est pas recommand\u00e9e<\/em>\u201d se souvient Laure. \u201c<em>En revanche, nous avons profit\u00e9 du bar de la plage pour d\u00e9guster un smoothie mangue, litchi coco : aucun de nous n\u2019avait go\u00fbt\u00e9 un smoothie aussi bon de notre vie !<\/em>\u201d<\/p>\n\n\n\n<figure class=\"wp-block-image size-full\"><img loading=\"lazy\" width=\"1000\" height=\"563\" src=\"https:\/\/blog.makila.fr\/voyage-sur-mesure\/wp-content\/uploads\/2023\/09\/Voyage-aux-Seychelles-Google-Docs-9.jpg\" alt=\"\" class=\"wp-image-3883\" srcset=\"https:\/\/blog.makila.fr\/voyage-sur-mesure\/wp-content\/uploads\/2023\/09\/Voyage-aux-Seychelles-Google-Docs-9.jpg 1000w, https:\/\/blog.makila.fr\/voyage-sur-mesure\/wp-content\/uploads\/2023\/09\/Voyage-aux-Seychelles-Google-Docs-9-300x169.jpg 300w, https:\/\/blog.makila.fr\/voyage-sur-mesure\/wp-content\/uploads\/2023\/09\/Voyage-aux-Seychelles-Google-Docs-9-768x432.jpg 768w\" sizes=\"(max-width: 1000px) 100vw, 1000px\" \/><\/figure>\n\n\n\n<p>Les activit\u00e9s sportives ne manquent pas \u00e0 La Digue. Parmi les activit\u00e9s que Laure et ses filles auraient aim\u00e9 tester, la sortie en kayak \u00e0 fond transparent figure en premi\u00e8re place. Tout en pagayant, l\u2019on ne perd rien de ce qui se passe dans la vie corallienne. Fondu dans ce d\u00e9cor aquatique, on peut apercevoir des raies et des tortues passer tranquillement sous son embarcation\u2026<\/p>\n\n\n\n<figure class=\"wp-block-image size-full\"><img loading=\"lazy\" width=\"1000\" height=\"750\" src=\"https:\/\/blog.makila.fr\/voyage-sur-mesure\/wp-content\/uploads\/2023\/09\/Voyage-aux-Seychelles-Google-Docs-10.jpg\" alt=\"\" class=\"wp-image-3884\" srcset=\"https:\/\/blog.makila.fr\/voyage-sur-mesure\/wp-content\/uploads\/2023\/09\/Voyage-aux-Seychelles-Google-Docs-10.jpg 1000w, https:\/\/blog.makila.fr\/voyage-sur-mesure\/wp-content\/uploads\/2023\/09\/Voyage-aux-Seychelles-Google-Docs-10-300x225.jpg 300w, https:\/\/blog.makila.fr\/voyage-sur-mesure\/wp-content\/uploads\/2023\/09\/Voyage-aux-Seychelles-Google-Docs-10-768x576.jpg 768w\" sizes=\"(max-width: 1000px) 100vw, 1000px\" \/><\/figure>\n\n\n\n<h2><strong>Praslin, l\u2019\u00eele du perroquet noir&nbsp;<\/strong><\/h2>\n\n\n\n<p>Le derni\u00e8re escale du voyage a lieu \u00e0 Praslin, \u00eele voisine de La Digue, que nos quatre voyageurs ont rejoint en 15 minutes de bateau.<\/p>\n\n\n\n<p>Il s\u2019agit d\u2019une grande \u00eele de 11km de long qui poss\u00e8de de superbes parcs nationaux et o\u00f9 vivent des oiseaux \u00e9tonnants. Ses nombreux \u00eelots sont connus pour \u00eatre des lieux de snorkeling incomparables.<\/p>\n\n\n\n<figure class=\"wp-block-image size-full\"><img loading=\"lazy\" width=\"1000\" height=\"750\" src=\"https:\/\/blog.makila.fr\/voyage-sur-mesure\/wp-content\/uploads\/2023\/09\/Voyage-aux-Seychelles-Google-Docs-11.jpg\" alt=\"\" class=\"wp-image-3885\" srcset=\"https:\/\/blog.makila.fr\/voyage-sur-mesure\/wp-content\/uploads\/2023\/09\/Voyage-aux-Seychelles-Google-Docs-11.jpg 1000w, https:\/\/blog.makila.fr\/voyage-sur-mesure\/wp-content\/uploads\/2023\/09\/Voyage-aux-Seychelles-Google-Docs-11-300x225.jpg 300w, https:\/\/blog.makila.fr\/voyage-sur-mesure\/wp-content\/uploads\/2023\/09\/Voyage-aux-Seychelles-Google-Docs-11-768x576.jpg 768w\" sizes=\"(max-width: 1000px) 100vw, 1000px\" \/><\/figure>\n\n\n\n<p>Pour commencer la visite de l\u2019\u00eele, la famille de Laure a choisi d\u2019explorer la c\u00e9l\u00e8bre Vall\u00e9e de Mai, class\u00e9e au patrimoine mondial de l\u2019Unesco. Il s\u2019agit d\u2019une magnifique for\u00eat primaire o\u00f9 poussent diff\u00e9rentes vari\u00e9t\u00e9s de palmiers, dont le fameux cocotier de mer, surnomm\u00e9 \u201ccoco-fesse\u201d, que l\u2019on ne trouve qu\u2019\u00e0 Praslin.<\/p>\n\n\n\n<p>\u201c<em>Il faut absolument pr\u00e9voir une visite guid\u00e9e pour bien comprendre l&rsquo;histoire de ce parc et la particularit\u00e9 des c\u00e9l\u00e8bres coco fesses<\/em>\u201d, recommande Laure. Cette esp\u00e8ce end\u00e9mique doit son nom \u00e0 la forme arrondie de ses fruits, qui peuvent peser jusqu\u2019\u00e0 20 kg !<\/p>\n\n\n\n<p>Dans cette for\u00eat verdoyante, on se prom\u00e8ne parmi des milliers de cocotiers et l\u2019on rencontre les oiseaux rares des Seychelles, dont le fameux perroquet noir.<\/p>\n\n\n\n<p>Le lendemain, Laure a pr\u00e9vu une grande journ\u00e9e d\u2019excursion en bateau au large de Praslin. Au programme de la matin\u00e9e, une session de snorkeling aux abords de l\u2019\u00eelot Saint-Pierre, \u00eelot granitique inhabit\u00e9, couvert de palmiers, dont les eaux regorgent de poissons multicolores. Cet endroit f\u00e9\u00e9rique n\u2019est accessible qu\u2019en bateau. Palmes aux pieds, les filles de Laure ont saut\u00e9 au milieu des coraux, nageant avec les tortues, rencontrant nombre de poissons aux noms exotiques : poisson-lion, poisson-chirurgien bleu, sergent-major \u00e0 queue jaune, poisson-ange \u00e0 demi-cercles\u2026 ce fut un v\u00e9ritable enchantement !<\/p>\n\n\n\n<figure class=\"wp-block-image size-full\"><img loading=\"lazy\" width=\"1000\" height=\"666\" src=\"https:\/\/blog.makila.fr\/voyage-sur-mesure\/wp-content\/uploads\/2023\/09\/Voyage-aux-Seychelles-Google-Docs-12.jpg\" alt=\"\" class=\"wp-image-3886\" srcset=\"https:\/\/blog.makila.fr\/voyage-sur-mesure\/wp-content\/uploads\/2023\/09\/Voyage-aux-Seychelles-Google-Docs-12.jpg 1000w, https:\/\/blog.makila.fr\/voyage-sur-mesure\/wp-content\/uploads\/2023\/09\/Voyage-aux-Seychelles-Google-Docs-12-300x200.jpg 300w, https:\/\/blog.makila.fr\/voyage-sur-mesure\/wp-content\/uploads\/2023\/09\/Voyage-aux-Seychelles-Google-Docs-12-768x511.jpg 768w\" sizes=\"(max-width: 1000px) 100vw, 1000px\" \/><\/figure>\n\n\n\n<p>Apr\u00e8s avoir pique-niqu\u00e9 \u00e0 bord du bateau, le capitaine mit le cap sur l\u2019\u00eele de Curieuse o\u00f9 les tortues se prom\u00e8nent en toute libert\u00e9 et se laissent observer.<br>\u201c<em>Makila recommande de privatiser le bateau pour cette excursion. On peut ainsi d\u00e9cider de s&rsquo;arr\u00eater o\u00f9 l&rsquo;on veut pendant la matin\u00e9e de snorkeling. Et surtout, on inverse le sens de la visite par rapport aux autres touristes, en allant voir les tortues l\u2019apr\u00e8s-midi. Cela change tout car on \u00e9vite les groupes et on se retrouve seuls dans l\u2019eau et sur l\u2019\u00eele\u2026 \u201d, <\/em>explique Laure.<\/p>\n\n\n\n<figure class=\"wp-block-image size-full\"><img loading=\"lazy\" width=\"1000\" height=\"563\" src=\"https:\/\/blog.makila.fr\/voyage-sur-mesure\/wp-content\/uploads\/2023\/09\/Voyage-aux-Seychelles-Google-Docs-13.jpg\" alt=\"\" class=\"wp-image-3887\" srcset=\"https:\/\/blog.makila.fr\/voyage-sur-mesure\/wp-content\/uploads\/2023\/09\/Voyage-aux-Seychelles-Google-Docs-13.jpg 1000w, https:\/\/blog.makila.fr\/voyage-sur-mesure\/wp-content\/uploads\/2023\/09\/Voyage-aux-Seychelles-Google-Docs-13-300x169.jpg 300w, https:\/\/blog.makila.fr\/voyage-sur-mesure\/wp-content\/uploads\/2023\/09\/Voyage-aux-Seychelles-Google-Docs-13-768x432.jpg 768w\" sizes=\"(max-width: 1000px) 100vw, 1000px\" \/><\/figure>\n\n\n\n<p>Le bateau d\u00e9posa nos explorateurs sur la plage de Curieuse avant de faire demi-tour, les laissant seuls sur cette \u00eele paradisiaque et luxuriante.<\/p>\n\n\n\n<p>\u201c<em>Nous nous sommes dirig\u00e9s vers un sentier int\u00e9rieur, o\u00f9 la v\u00e9g\u00e9tation nous a apport\u00e9 un peu de fra\u00eecheur. Nous avons march\u00e9 une heure et demie \u00e0 travers les plantes vertes et la mangrove, attentifs au cri des oiseaux exotiques.<\/em> <em>Soudain, j\u2019ai entendu un fr\u00e9missement : une grosse tortue terrestre marchait non loin de nous et s&rsquo;appr\u00eatait \u00e0 traverser le sentier.\u201d<\/em><\/p>\n\n\n\n<p>La petite famille ralentit, et les filles tendirent la main pour se pr\u00e9senter \u00e0 la b\u00eate qui se laissa gratouiller le cou de plaisir. En poursuivant leur chemin, ils rencontr\u00e8rent ainsi une dizaine de tortues\u2026 \u201c<em>Ces b\u00eates sont pluricentenaires\u2026 c\u2019est impressionnant ! On peut imaginer tout ce qu\u2019elles ont vu\u2026<\/em> \u201c se rappelle Laure.<\/p>\n\n\n\n<p>Le chemin aboutit \u00e0 une autre plage magnifique o\u00f9, selon la saison, on peut apercevoir des tortues marines venues pondre leurs \u0153ufs dans le sable, avant de regagner l\u2019oc\u00e9an.<\/p>\n\n\n\n<p>Le soir venu, et pour finir la journ\u00e9e en beaut\u00e9, Laure a profit\u00e9 d\u2019un massage ressour\u00e7ant au sein de son h\u00f4tel. Les yeux ferm\u00e9s, les images de son voyage en famille d\u00e9filaient sous ses yeux tandis que les mouvements de la masseuse achevaient de la d\u00e9tendre compl\u00e8tement\u2026<\/p>\n\n\n\n<p>Si vous souhaitez en savoir plus sur les Seychelles, et ce qu\u2019il faut retenir pour un voyage en famille r\u00e9ussi, n\u2019h\u00e9sitez pas \u00e0 <a href=\"https:\/\/www.makila.fr\/#anchor-contact\">contacter Laure<\/a>.&nbsp;En attendant, retrouvez nos <a href=\"https:\/\/www.makila.fr\/voyages\/pays\/13-seychelles\">id\u00e9es de circuits dans cet archipel aux mille couleurs<\/a>\u2026<\/p>\n\n\n\n<figure class=\"wp-block-image size-full\"><img loading=\"lazy\" width=\"1000\" height=\"666\" src=\"https:\/\/blog.makila.fr\/voyage-sur-mesure\/wp-content\/uploads\/2023\/09\/Voyage-aux-Seychelles-Google-Docs-14.jpg\" alt=\"\" class=\"wp-image-3888\" srcset=\"https:\/\/blog.makila.fr\/voyage-sur-mesure\/wp-content\/uploads\/2023\/09\/Voyage-aux-Seychelles-Google-Docs-14.jpg 1000w, https:\/\/blog.makila.fr\/voyage-sur-mesure\/wp-content\/uploads\/2023\/09\/Voyage-aux-Seychelles-Google-Docs-14-300x200.jpg 300w, https:\/\/blog.makila.fr\/voyage-sur-mesure\/wp-content\/uploads\/2023\/09\/Voyage-aux-Seychelles-Google-Docs-14-768x511.jpg 768w\" sizes=\"(max-width: 1000px) 100vw, 1000px\" \/><\/figure>\n","protected":false},"excerpt":{"rendered":"<p>Elle range ses palmes et se pr\u00e9pare \u00e0 la deuxi\u00e8me partie de l\u2019excursion : la d\u00e9couverte de l\u2019\u00eele Curieuse. Un nom myst\u00e9rieux, celui de la go\u00e9lette fran\u00e7aise qui a d\u00e9couvert les lieux au XVIII\u00e8me si\u00e8cle. Tout en respirant profond\u00e9ment l\u2019air ti\u00e8de charg\u00e9 d\u2019embruns, Laure observe l\u2019\u00eelot Saint-Pierre s\u2019\u00e9loigner \u00e0 mesure que le bateau prend le [&hellip;]<\/p>\n","protected":false},"author":8,"featured_media":3881,"comment_status":"open","ping_status":"closed","sticky":false,"template":"","format":"standard","meta":{"ngg_post_thumbnail":0},"categories":[1],"tags":[],"_links":{"self":[{"href":"https:\/\/blog.makila.fr\/voyage-sur-mesure\/wp-json\/wp\/v2\/posts\/3874"}],"collection":[{"href":"https:\/\/blog.makila.fr\/voyage-sur-mesure\/wp-json\/wp\/v2\/posts"}],"about":[{"href":"https:\/\/blog.makila.fr\/voyage-sur-mesure\/wp-json\/wp\/v2\/types\/post"}],"author":[{"embeddable":true,"href":"https:\/\/blog.makila.fr\/voyage-sur-mesure\/wp-json\/wp\/v2\/users\/8"}],"replies":[{"embeddable":true,"href":"https:\/\/blog.makila.fr\/voyage-sur-mesure\/wp-json\/wp\/v2\/comments?post=3874"}],"version-history":[{"count":5,"href":"https:\/\/blog.makila.fr\/voyage-sur-mesure\/wp-json\/wp\/v2\/posts\/3874\/revisions"}],"predecessor-version":[{"id":3929,"href":"https:\/\/blog.makila.fr\/voyage-sur-mesure\/wp-json\/wp\/v2\/posts\/3874\/revisions\/3929"}],"wp:featuredmedia":[{"embeddable":true,"href":"https:\/\/blog.makila.fr\/voyage-sur-mesure\/wp-json\/wp\/v2\/media\/3881"}],"wp:attachment":[{"href":"https:\/\/blog.makila.fr\/voyage-sur-mesure\/wp-json\/wp\/v2\/media?parent=3874"}],"wp:term":[{"taxonomy":"category","embeddable":true,"href":"https:\/\/blog.makila.fr\/voyage-sur-mesure\/wp-json\/wp\/v2\/categories?post=3874"},{"taxonomy":"post_tag","embeddable":true,"href":"https:\/\/blog.makila.fr\/voyage-sur-mesure\/wp-json\/wp\/v2\/tags?post=3874"}],"curies":[{"name":"wp","href":"https:\/\/api.w.org\/{rel}","templated":true}]}}