{"id":3339,"date":"2020-12-28T15:26:00","date_gmt":"2020-12-28T14:26:00","guid":{"rendered":"https:\/\/blog.makila.fr\/voyage-sur-mesure\/?p=3339"},"modified":"2024-10-22T16:54:29","modified_gmt":"2024-10-22T15:54:29","slug":"la-colombie-terre-de-tous-les-possibles","status":"publish","type":"post","link":"https:\/\/blog.makila.fr\/voyage-sur-mesure\/la-colombie-terre-de-tous-les-possibles\/","title":{"rendered":"La Colombie, terre de tous les possibles"},"content":{"rendered":"\n<p>Avant que la pand\u00e9mie ne vienne donner un coup de frein \u00e0 l\u2019organisation de nos voyages, Muriel, notre sp\u00e9cialiste de l\u2019Am\u00e9rique latine chez Makila, a eu la chance de partir red\u00e9couvrir ce pays aux multiples facettes qu\u2019est la Colombie. Apr\u00e8s un long travail de la part du gouvernement pour garantir la paix et la s\u00e9curit\u00e9 du pays, la Colombie s\u2019est consid\u00e9rablement ouverte au monde ces dix derni\u00e8res ann\u00e9es et a vu grandir le nombre de ses visiteurs, ravis d\u2019en d\u00e9couvrir les richesses.<\/p>\n\n\n\n<!--more-->\n\n\n\n<p>A l\u2019issue de son voyage, nous avons interrog\u00e9 Muriel :<\/p>\n\n\n\n<h2><strong>En tant qu\u2019experte de l\u2019Am\u00e9rique latine, peux-tu nous dire ce qui fait la sp\u00e9cificit\u00e9 d\u2019un voyage en Colombie ?<\/strong><\/h2>\n\n\n\n<p>La Colombie est un pays d\u2019Am\u00e9rique latine de choix pour ceux qui veulent diversifier les styles de voyage, car <a href=\"https:\/\/www.makila.fr\/voyages\/pays\/27-colombie\" target=\"_blank\" aria-label=\"on peut y faire des d\u00e9couvertes tr\u00e8s vari\u00e9es au cours d\u2019un m\u00eame s\u00e9jour (opens in a new tab)\" rel=\"noreferrer noopener\" class=\"rank-math-link\">on peut y faire des d\u00e9couvertes tr\u00e8s vari\u00e9es au cours d\u2019un m\u00eame s\u00e9jour<\/a>. Il est possible d\u2019organiser \u00e0 la fois un parcours culturel qui retrace l\u2019histoire coloniale du pays, des excursions sportives comme du rafting ou des promenades \u00e0 cheval dans les parcs nationaux luxuriants, d\u00e9couvrir le savoir ancestral de l\u2019\u00e9laboration du caf\u00e9, profiter de quelques jours de repos au bord de la mer des Cara\u00efbes dans un cadre idyllique, et enfin appr\u00e9cier une bonne gastronomie et l\u2019esprit d\u2019un pays o\u00f9 il fait bon vivre.&nbsp;<\/p>\n\n\n\n<figure class=\"wp-block-image size-large is-resized is-style-default\"><img loading=\"lazy\" src=\"https:\/\/blog.makila.fr\/voyage-sur-mesure\/wp-content\/uploads\/2021\/01\/Voyage-en-Colombie-terre-de-tous-les-possibles-1.jpg\" alt=\"\" class=\"wp-image-3340\" width=\"800\" height=\"600\" srcset=\"https:\/\/blog.makila.fr\/voyage-sur-mesure\/wp-content\/uploads\/2021\/01\/Voyage-en-Colombie-terre-de-tous-les-possibles-1.jpg 800w, https:\/\/blog.makila.fr\/voyage-sur-mesure\/wp-content\/uploads\/2021\/01\/Voyage-en-Colombie-terre-de-tous-les-possibles-1-300x225.jpg 300w, https:\/\/blog.makila.fr\/voyage-sur-mesure\/wp-content\/uploads\/2021\/01\/Voyage-en-Colombie-terre-de-tous-les-possibles-1-768x576.jpg 768w\" sizes=\"(max-width: 800px) 100vw, 800px\" \/><figcaption>Parc national de Tayrona<\/figcaption><\/figure>\n\n\n\n<h2><strong>Quels sont les diff\u00e9rents itin\u00e9raires possibles ?<\/strong><\/h2>\n\n\n\n<p><strong>Dans le cas d\u2019un voyage plut\u00f4t culturel, <\/strong>on peut commencer par <a href=\"https:\/\/www.makila.fr\/voyages\/294-panorama-culturel-de-colombie\" target=\"_blank\" aria-label=\"quelques jours dans la capitale Bogota et alentour. Construite sur les hauteurs (opens in a new tab)\" rel=\"noreferrer noopener\" class=\"rank-math-link\">quelques jours dans la capitale Bogota et alentour. Construite sur les hauteurs<\/a> et dominant la cordill\u00e8re des Andes, la ville est immense et poss\u00e8de un riche patrimoine historique et culturel. Elle est connue pour ses nombreux mus\u00e9es: celui de l\u2019or, de l\u2019\u00e9meraude, et pour les amateurs d\u2019art, le mus\u00e9e Botero, o\u00f9 l\u2019on retrouve ses sculptures et la collection priv\u00e9e de l\u2019artiste.&nbsp;<\/p>\n\n\n\n<p>Il est conseill\u00e9 de faire un d\u00e9tour au Nord de la ville pour d\u00e9couvrir la cath\u00e9drale de sel de Zipaquira : il s\u2019agit d\u2019une \u00e9glise \u00e9rig\u00e9e sous terre, dans les mines de sel ! C\u2019est un endroit \u00e9tonnant, empreint de d\u00e9votion et consid\u00e9r\u00e9 comme un joyau d\u2019architecture.<\/p>\n\n\n\n<p>Ensuite, il faut pr\u00e9voir de visiter Carthag\u00e8ne-des-indes, ville fortifi\u00e9e et pleine d\u2019histoire, dont l\u2019ambiance carib\u00e9enne est tr\u00e8s diff\u00e9rente de la capitale. Situ\u00e9e sur la c\u00f4te, elle r\u00e9v\u00e8le son pass\u00e9 colonial dans les rues color\u00e9es et chaleureuses de la vieille ville.&nbsp;<\/p>\n\n\n\n<figure class=\"wp-block-image size-large is-resized\"><img loading=\"lazy\" src=\"https:\/\/blog.makila.fr\/voyage-sur-mesure\/wp-content\/uploads\/2021\/01\/Voyage-en-Colombie-terre-de-tous-les-possibles-2.jpg\" alt=\"\" class=\"wp-image-3341\" width=\"769\" height=\"577\" srcset=\"https:\/\/blog.makila.fr\/voyage-sur-mesure\/wp-content\/uploads\/2021\/01\/Voyage-en-Colombie-terre-de-tous-les-possibles-2.jpg 800w, https:\/\/blog.makila.fr\/voyage-sur-mesure\/wp-content\/uploads\/2021\/01\/Voyage-en-Colombie-terre-de-tous-les-possibles-2-300x225.jpg 300w, https:\/\/blog.makila.fr\/voyage-sur-mesure\/wp-content\/uploads\/2021\/01\/Voyage-en-Colombie-terre-de-tous-les-possibles-2-768x576.jpg 768w\" sizes=\"(max-width: 769px) 100vw, 769px\" \/><figcaption>Carthag\u00e8ne-des-Indes<\/figcaption><\/figure>\n\n\n\n<p>Enfin, direction les montagnes andines pour visiter l\u2019impressionnant parc arch\u00e9ologique de San Agust\u00edn, d\u00e9clar\u00e9 patrimoine mondial de l\u2019humanit\u00e9. Ce site regorge de statues sculpt\u00e9es entre le 1er et le 8\u00e8me si\u00e8cle, que l\u2019on peut admirer au c\u0153ur d\u2019une abondante v\u00e9g\u00e9tation.<\/p>\n\n\n\n<p>On peut \u00e9galement pr\u00e9voir un circuit en voiture avec un chauffeur-guide dans la r\u00e9gion de Medell\u00edn, \u00e0 la d\u00e9couverte de l\u2019histoire de la fabrication du caf\u00e9 en Colombie.<\/p>\n\n\n\n<figure class=\"wp-block-image size-large is-resized\"><img loading=\"lazy\" src=\"https:\/\/blog.makila.fr\/voyage-sur-mesure\/wp-content\/uploads\/2021\/01\/Plantation-de-caf\u00e9-Colombie-1024x768.jpg\" alt=\"\" class=\"wp-image-3356\" width=\"745\" height=\"559\" srcset=\"https:\/\/blog.makila.fr\/voyage-sur-mesure\/wp-content\/uploads\/2021\/01\/Plantation-de-caf\u00e9-Colombie-1024x768.jpg 1024w, https:\/\/blog.makila.fr\/voyage-sur-mesure\/wp-content\/uploads\/2021\/01\/Plantation-de-caf\u00e9-Colombie-300x225.jpg 300w, https:\/\/blog.makila.fr\/voyage-sur-mesure\/wp-content\/uploads\/2021\/01\/Plantation-de-caf\u00e9-Colombie-768x576.jpg 768w, https:\/\/blog.makila.fr\/voyage-sur-mesure\/wp-content\/uploads\/2021\/01\/Plantation-de-caf\u00e9-Colombie-1536x1152.jpg 1536w, https:\/\/blog.makila.fr\/voyage-sur-mesure\/wp-content\/uploads\/2021\/01\/Plantation-de-caf\u00e9-Colombie-2048x1536.jpg 2048w\" sizes=\"(max-width: 745px) 100vw, 745px\" \/><figcaption>Plantations de caf\u00e9<\/figcaption><\/figure>\n\n\n\n<p><strong>Dans le cadre d\u2019un voyage orient\u00e9 aventure et nature,<\/strong> on peut choisir d\u2019organiser des excursions sur la c\u00f4te carib\u00e9enne, au bord de la mer et dans les parcs naturels comme celui de Tayrona pr\u00e8s de la ville baln\u00e9aire de Santa Marta, o\u00f9 de multiples activit\u00e9s sportives sont propos\u00e9es.<\/p>\n\n\n\n<p>On peut aussi privil\u00e9gier le Centre Ouest du pays et la c\u00e9l\u00e8bre et magnifique vall\u00e9e de Cocora o\u00f9 poussent des palmiers qui peuvent atteindre jusqu\u2019\u00e0 60 m\u00e8tres de haut ! Et bien entendu, nous conseillons une journ\u00e9e sur <a href=\"https:\/\/blog.makila.fr\/voyage-sur-mesure\/en-novembre-la-nature-se-metamorphose-aux-quatre-coins-du-monde\/\" target=\"_blank\" aria-label=\"le site f\u00e9\u00e9rique de Ca\u00f1o cristales, la rivi\u00e8re qui se pare de mille couleurs  (opens in a new tab)\" rel=\"noreferrer noopener\" class=\"rank-math-link\">le site f\u00e9\u00e9rique de Ca\u00f1o cristales, la rivi\u00e8re qui se pare de mille couleurs <\/a>apr\u00e8s la saison des pluies. S\u2019y rendre demande une certaine organisation mais on ne peut qu\u2019\u00eatre \u00e9merveill\u00e9 une fois sur place.<\/p>\n\n\n\n<figure class=\"wp-block-image size-large is-resized\"><img loading=\"lazy\" src=\"https:\/\/blog.makila.fr\/voyage-sur-mesure\/wp-content\/uploads\/2021\/01\/Vall\u00e9e-de-Cocora-Colombie-1024x678.jpg\" alt=\"\" class=\"wp-image-3352\" width=\"784\" height=\"519\" srcset=\"https:\/\/blog.makila.fr\/voyage-sur-mesure\/wp-content\/uploads\/2021\/01\/Vall\u00e9e-de-Cocora-Colombie-1024x678.jpg 1024w, https:\/\/blog.makila.fr\/voyage-sur-mesure\/wp-content\/uploads\/2021\/01\/Vall\u00e9e-de-Cocora-Colombie-300x199.jpg 300w, https:\/\/blog.makila.fr\/voyage-sur-mesure\/wp-content\/uploads\/2021\/01\/Vall\u00e9e-de-Cocora-Colombie-768x509.jpg 768w, https:\/\/blog.makila.fr\/voyage-sur-mesure\/wp-content\/uploads\/2021\/01\/Vall\u00e9e-de-Cocora-Colombie-1536x1017.jpg 1536w, https:\/\/blog.makila.fr\/voyage-sur-mesure\/wp-content\/uploads\/2021\/01\/Vall\u00e9e-de-Cocora-Colombie-2048x1356.jpg 2048w\" sizes=\"(max-width: 784px) 100vw, 784px\" \/><figcaption>Vall\u00e9e de Cocora, Colombie<\/figcaption><\/figure>\n\n\n\n<h2><strong>Peux-tu nous en dire plus sur le littoral colombien ?<\/strong><\/h2>\n\n\n\n<p>J\u2019ai vraiment beaucoup aim\u00e9 le bord de mer au large de Carthag\u00e8ne-des-Indes. La Colombie jouit d\u2019une c\u00f4te carib\u00e9enne aussi belle que contrast\u00e9e, qui s\u2019\u00e9tend sur plus de 1000 km. A Santa Marta, la for\u00eat tropicale donnant sur la plage offre un cadre splendide et propice \u00e0 la d\u00e9connexion. J\u2019ai pass\u00e9 quelques jours sur l\u2019\u00eele Mucura, qui fait partie de l\u2019archipel San Bernardo, un endroit tr\u00e8s arbor\u00e9 o\u00f9 les fleurs exotiques abondent, et o\u00f9 j\u2019ai pu profiter en toute tranquillit\u00e9 d\u2019une plage magnifique et d\u2019une mer chaude\u2026 J\u2019y ai rencontr\u00e9 plusieurs couples de Colombiens en voyage de noces : le lieu est id\u00e9al pour ce type de s\u00e9jour.<\/p>\n\n\n\n<p>J\u2019ai \u00e9t\u00e9 charm\u00e9e par l\u2019ambiance en g\u00e9n\u00e9ral, la chaleur des gens, la musique, les couleurs : les fleurs et les fruits sont omnipr\u00e9sents c\u00f4t\u00e9 carib\u00e9en et d\u00e9corent la rue, les h\u00f4tels\u2026 Les Colombiens sont ouverts, souriants, attentifs, disponibles pour aider.&nbsp;<\/p>\n\n\n\n<figure class=\"wp-block-image size-large is-resized is-style-default\"><img loading=\"lazy\" src=\"https:\/\/blog.makila.fr\/voyage-sur-mesure\/wp-content\/uploads\/2021\/01\/Voyage-en-Colombie-terre-de-tous-les-possibles-3.jpg\" alt=\"\" class=\"wp-image-3342\" width=\"800\" height=\"600\" srcset=\"https:\/\/blog.makila.fr\/voyage-sur-mesure\/wp-content\/uploads\/2021\/01\/Voyage-en-Colombie-terre-de-tous-les-possibles-3.jpg 800w, https:\/\/blog.makila.fr\/voyage-sur-mesure\/wp-content\/uploads\/2021\/01\/Voyage-en-Colombie-terre-de-tous-les-possibles-3-300x225.jpg 300w, https:\/\/blog.makila.fr\/voyage-sur-mesure\/wp-content\/uploads\/2021\/01\/Voyage-en-Colombie-terre-de-tous-les-possibles-3-768x576.jpg 768w\" sizes=\"(max-width: 800px) 100vw, 800px\" \/><figcaption>Sur une \u00eele de l&rsquo;archipel San Bernardo<\/figcaption><\/figure>\n\n\n\n<h2><strong>Y a-t-il un autre moment marquant de ce voyage que tu souhaiterais partager ?<\/strong><\/h2>\n\n\n\n<p>J\u2019ai particuli\u00e8rement appr\u00e9ci\u00e9 mon excursion \u00e0 la Cit\u00e9 perdue des indiens Tayronas, qui se situe entre la Sierra Nevada et les Cara\u00efbes. Cette civilisation a \u00e9t\u00e9 repouss\u00e9e sur les hauteurs de la vall\u00e9e au moment de l\u2019arriv\u00e9e des colons. On retrace l\u2019histoire de ce peuple, tout en marchant au milieu de la for\u00eat tropicale, des singes hurleurs et oiseaux exotiques\u2026 c\u2019est une immersion fascinante. Les Koguis, descendants de cette civilisation, vivent toujours dans la Sierra Nevada et on peut les rencontrer dans le parc Tayrona notamment. Cela m\u2019a beaucoup marqu\u00e9e de voir ces gens perp\u00e9tuer les traditions d\u2019une civilisation si ancienne.<\/p>\n\n\n\n<h2><strong>Qu\u2019est-ce qui fait la sp\u00e9cificit\u00e9 d\u2019un voyage Makila en Colombie ?<\/strong><\/h2>\n\n\n\n<p>Makila Voyages a la capacit\u00e9 de cr\u00e9er un itin\u00e9raire qui corresponde en tous points aux d\u00e9sirs des voyageurs tout en assurant leur s\u00e9curit\u00e9 et le bon d\u00e9roulement de leur s\u00e9jour. Makila dispose d\u2019une \u00e9quipe sur place qui conna\u00eet les lieux sur le bout des doigts et accorde une attention toute particuli\u00e8re \u00e0 la qualit\u00e9 des h\u00e9bergements. M\u00eame au plus profond de la nature, nous pourrons proposer une tente confortable ou une belle maison dans les arbres qui pourra accueillir nos voyageurs et leur faire profiter de la richesse de la faune et de la flore colombiennes.<\/p>\n\n\n\n<h2><strong>As-tu quelques conseils pratiques \u00e0 transmettre aux futurs voyageurs ?<\/strong><\/h2>\n\n\n\n<p>Pour faire le tour du pays, l\u2019id\u00e9al est de pouvoir partir trois semaines. Quoi qu\u2019il en soit, il faut pr\u00e9voir au moins 15 jours sur place.<\/p>\n\n\n\n<p>Voyagez entre les mois de novembre et avril, c\u2019est la meilleure saison &#8211; sauf pour d\u00e9couvrir le merveilleux spectacle de la rivi\u00e8re Ca\u00f1o Cristales qui d\u00e9voile ses eaux color\u00e9es entre les mois de septembre et novembre.&nbsp;<\/p>\n\n\n\n<p>Si vous partez en f\u00e9vrier, ne manquez pas la f\u00eate extraordinaire du Carnaval de Barranquilla, le 2\u00e8me plus beau festival d\u2019Am\u00e9rique latine apr\u00e8s Rio !<\/p>\n\n\n\n<p>Et pour plus de d\u00e9tails, <a href=\"https:\/\/www.makila.fr\/#anchor-contact\" target=\"_blank\" aria-label=\"l\u2019\u00e9quipe de Makila Voyages est \u00e0 votre disposition. (opens in a new tab)\" rel=\"noreferrer noopener\" class=\"rank-math-link\">l\u2019\u00e9quipe de Makila Voyages est \u00e0 votre disposition.<\/a><\/p>\n\n\n\n<figure class=\"wp-block-image size-large is-resized is-style-default\"><img loading=\"lazy\" src=\"https:\/\/blog.makila.fr\/voyage-sur-mesure\/wp-content\/uploads\/2021\/01\/Voyage-en-Colombie-terre-de-tous-les-possibles-4.jpg\" alt=\"\" class=\"wp-image-3343\" width=\"800\" height=\"600\" srcset=\"https:\/\/blog.makila.fr\/voyage-sur-mesure\/wp-content\/uploads\/2021\/01\/Voyage-en-Colombie-terre-de-tous-les-possibles-4.jpg 800w, https:\/\/blog.makila.fr\/voyage-sur-mesure\/wp-content\/uploads\/2021\/01\/Voyage-en-Colombie-terre-de-tous-les-possibles-4-300x225.jpg 300w, https:\/\/blog.makila.fr\/voyage-sur-mesure\/wp-content\/uploads\/2021\/01\/Voyage-en-Colombie-terre-de-tous-les-possibles-4-768x576.jpg 768w\" sizes=\"(max-width: 800px) 100vw, 800px\" \/><figcaption>Statue du site arch\u00e9ologique San Agustin<\/figcaption><\/figure>\n\n\n\n<p><\/p>\n","protected":false},"excerpt":{"rendered":"<p>Avant que la pand\u00e9mie ne vienne donner un coup de frein \u00e0 l\u2019organisation de nos voyages, Muriel, notre sp\u00e9cialiste de l\u2019Am\u00e9rique latine chez Makila, a eu la chance de partir red\u00e9couvrir ce pays aux multiples facettes qu\u2019est la Colombie. Apr\u00e8s un long travail de la part du gouvernement pour garantir la paix et la s\u00e9curit\u00e9 [&hellip;]<\/p>\n","protected":false},"author":8,"featured_media":3341,"comment_status":"open","ping_status":"closed","sticky":false,"template":"","format":"standard","meta":{"ngg_post_thumbnail":0},"categories":[146,1,92],"tags":[],"_links":{"self":[{"href":"https:\/\/blog.makila.fr\/voyage-sur-mesure\/wp-json\/wp\/v2\/posts\/3339"}],"collection":[{"href":"https:\/\/blog.makila.fr\/voyage-sur-mesure\/wp-json\/wp\/v2\/posts"}],"about":[{"href":"https:\/\/blog.makila.fr\/voyage-sur-mesure\/wp-json\/wp\/v2\/types\/post"}],"author":[{"embeddable":true,"href":"https:\/\/blog.makila.fr\/voyage-sur-mesure\/wp-json\/wp\/v2\/users\/8"}],"replies":[{"embeddable":true,"href":"https:\/\/blog.makila.fr\/voyage-sur-mesure\/wp-json\/wp\/v2\/comments?post=3339"}],"version-history":[{"count":9,"href":"https:\/\/blog.makila.fr\/voyage-sur-mesure\/wp-json\/wp\/v2\/posts\/3339\/revisions"}],"predecessor-version":[{"id":3358,"href":"https:\/\/blog.makila.fr\/voyage-sur-mesure\/wp-json\/wp\/v2\/posts\/3339\/revisions\/3358"}],"wp:featuredmedia":[{"embeddable":true,"href":"https:\/\/blog.makila.fr\/voyage-sur-mesure\/wp-json\/wp\/v2\/media\/3341"}],"wp:attachment":[{"href":"https:\/\/blog.makila.fr\/voyage-sur-mesure\/wp-json\/wp\/v2\/media?parent=3339"}],"wp:term":[{"taxonomy":"category","embeddable":true,"href":"https:\/\/blog.makila.fr\/voyage-sur-mesure\/wp-json\/wp\/v2\/categories?post=3339"},{"taxonomy":"post_tag","embeddable":true,"href":"https:\/\/blog.makila.fr\/voyage-sur-mesure\/wp-json\/wp\/v2\/tags?post=3339"}],"curies":[{"name":"wp","href":"https:\/\/api.w.org\/{rel}","templated":true}]}}