{"id":2858,"date":"2019-02-18T14:14:24","date_gmt":"2019-02-18T13:14:24","guid":{"rendered":"http:\/\/blog.makila.fr\/voyage-sur-mesure\/?p=2858"},"modified":"2024-10-22T16:54:32","modified_gmt":"2024-10-22T15:54:32","slug":"voyage-au-salvador","status":"publish","type":"post","link":"https:\/\/blog.makila.fr\/voyage-sur-mesure\/voyage-au-salvador\/","title":{"rendered":"Voyage au Salvador"},"content":{"rendered":"\n<p>De retour du Salvador, Muriel, notre Sp\u00e9cialiste des Am\u00e9riques au sein de l\u2019\u00e9quipe d\u2019experts <a href=\"https:\/\/www.makila.fr\/\">Makila Voyages<\/a>, nous fait part de ses impressions apr\u00e8s avoir d\u00e9couvert ce charmant petit pays.<\/p>\n\n\n\n<p>Connu pour ses plages vierges bord\u00e9es par le Pacifique, ses paysages volcaniques et ses for\u00eats tropicales, le Salvador et ses magnifiques atouts touristiques ont eu raison d\u2019une mauvaise r\u00e9putation.<\/p>\n\n\n\n<p>Comme la Colombie un peu plus au sud, c\u2019est un pays extr\u00eamement accueillant qui veut faire oublier ses ann\u00e9es sombres en ouvrant ses portes sur sa r\u00e9alit\u00e9 d\u2019aujourd\u2019hui&nbsp;: une destination magnifique et \u00e9tonnante.<\/p>\n\n\n\n<p><a href=\"https:\/\/www.makila.fr\/voyages\/404-voyage-sur-mesure-au-salvador\">Voyage au Salvador<\/a>, un circuit surprenant aux atouts multiples.<\/p>\n\n\n\n<!--more-->\n\n\n\n<div class=\"wp-block-image size-full wp-image-2859\"><figure class=\"alignleft\"><img loading=\"lazy\" width=\"4032\" height=\"1960\" src=\"https:\/\/blog.makila.fr\/voyage-sur-mesure\/wp-content\/uploads\/2019\/02\/9.jpg\" alt=\"\" class=\"wp-image-2859\" srcset=\"https:\/\/blog.makila.fr\/voyage-sur-mesure\/wp-content\/uploads\/2019\/02\/9.jpg 4032w, https:\/\/blog.makila.fr\/voyage-sur-mesure\/wp-content\/uploads\/2019\/02\/9-300x146.jpg 300w, https:\/\/blog.makila.fr\/voyage-sur-mesure\/wp-content\/uploads\/2019\/02\/9-768x373.jpg 768w, https:\/\/blog.makila.fr\/voyage-sur-mesure\/wp-content\/uploads\/2019\/02\/9-1024x498.jpg 1024w\" sizes=\"(max-width: 4032px) 100vw, 4032px\" \/><figcaption>Le Salvador, un petit paradis \u00e0 d\u00e9couvrir d&rsquo;urgence.<\/figcaption><\/figure><\/div>\n\n\n\n<p>&nbsp;<strong>C\u2019\u00e9tait votre premi\u00e8re fois au Salvador, ce petit pays m\u00e9connu a-t-il r\u00e9pondu \u00e0 vos attentes&nbsp;?<\/strong><\/p>\n\n\n\n<p>Il m\u2019a tr\u00e8s agr\u00e9ablement surprise et plus encore&nbsp;! M\u00eame si je me doutais que le Salvador \u00e9tait bien plus charmant que ce que nous a longtemps souffl\u00e9 sa mauvaise r\u00e9putation, j\u2019ai d\u00e9couvert un tr\u00e8s beau pays et des gens chaleureux. Ils avaient dans le regard ce sourire plein de reconnaissance pour les voyageurs venus d\u00e9couvrir leur pays.<\/p>\n\n\n\n<p>Je suis partie pour pr\u00e9parer au mieux le programme Salvador que Makila vient d\u2019ouvrir et j\u2019ai plusieurs fois eu cette incomparable sensation d\u2019\u00eatre seule au monde dans un petit paradis. Le programme Makila dure quinze jours, j\u2019ai fait quasiment le m\u00eame \u00e0 l\u2019exception de l\u2019incursion au Honduras.<\/p>\n\n\n\n<p>J\u2019ai eu la chance de d\u00e9couvrir le pays dans des conditions id\u00e9ales au c\u00f4t\u00e9 de Pascal Lebailly et de Joaquin Rodezno (ancien ambassadeur du Salvador en France)&nbsp;; deux grands acteurs du tourisme au Salvador.<\/p>\n\n\n\n<p>Pour le <a href=\"https:\/\/www.makila.fr\/voyages\/404-voyage-sur-mesure-au-salvador\">circuit Makila<\/a>, Pascal sera \u00e9galement votre guide francophone.<\/p>\n\n\n\n<div class=\"wp-block-image size-full wp-image-2860\"><figure class=\"alignleft\"><img loading=\"lazy\" width=\"4032\" height=\"1960\" src=\"https:\/\/blog.makila.fr\/voyage-sur-mesure\/wp-content\/uploads\/2019\/02\/7.jpg\" alt=\"\" class=\"wp-image-2860\" srcset=\"https:\/\/blog.makila.fr\/voyage-sur-mesure\/wp-content\/uploads\/2019\/02\/7.jpg 4032w, https:\/\/blog.makila.fr\/voyage-sur-mesure\/wp-content\/uploads\/2019\/02\/7-300x146.jpg 300w, https:\/\/blog.makila.fr\/voyage-sur-mesure\/wp-content\/uploads\/2019\/02\/7-768x373.jpg 768w, https:\/\/blog.makila.fr\/voyage-sur-mesure\/wp-content\/uploads\/2019\/02\/7-1024x498.jpg 1024w\" sizes=\"(max-width: 4032px) 100vw, 4032px\" \/><figcaption>Volcans, lacs, Oc\u00e9an Pacifique et atmosph\u00e8re carib\u00e9enne, bienvenue au Salvador.<\/figcaption><\/figure><\/div>\n\n\n\n<p><strong>Quel est le style des h\u00e9bergements, sont-ils proches des principales excursions&nbsp;?<\/strong><\/p>\n\n\n\n<p>Notre premier h\u00f4tel \u00e9tait le Boutique-H\u00f4tel le plus raffin\u00e9 de San Salvador : le \u00ab&nbsp;Nico Urban H\u00f4tel&nbsp;\u00bb. C\u2019est une \u00e9l\u00e9gante villa transform\u00e9e en h\u00f4tel de charme. Puis direction Suchitoto, petit village colonial parfaitement pr\u00e9serv\u00e9, pour poser nos valises \u00e0 Los Almendros de San Lorenzo, une demeure historique de plus de 200 ans, class\u00e9e au Patrimoine National, restaur\u00e9e en h\u00f4tel. On aime l\u2019atmosph\u00e8re paisible du lieu au c\u0153ur d\u2019une nature verdoyante. Chambres classiques et suites sont disponibles ainsi qu\u2019une piscine, on peut rester trois ou quatre nuits \u00e0 Los Almendros de San Lorenzo.<\/p>\n\n\n\n<blockquote class=\"wp-block-quote\"><p>J\u2019ai plusieurs fois eu cette incomparable sensation d\u2019\u00eatre seule au monde dans un petit paradis<\/p><\/blockquote>\n\n\n\n<p>Point de d\u00e9part id\u00e9al, pour rayonner dans la r\u00e9gion et go\u00fbter aux r\u00e9jouissances qui nous entourent. La majest\u00e9 sereine du lac de Suchitlan, la baie de Jiquilisco et sa r\u00e9serve naturelle class\u00e9e Ramsar, v\u00e9ritable paradis pour les oiseaux, la visite d\u2019un atelier pour nous exercer \u00e0 la teinture sur tissu avec la fameuse poudre bleu d\u2019indigo (a\u00f1il) ce f\u00fbt la richesse du pays avant l\u2019introduction du caf\u00e9, une belle ascension vers le sommet du volcan\u2026<\/p>\n\n\n\n<div class=\"wp-block-image size-full wp-image-2863\"><figure class=\"alignleft\"><img loading=\"lazy\" width=\"4032\" height=\"1960\" src=\"https:\/\/blog.makila.fr\/voyage-sur-mesure\/wp-content\/uploads\/2019\/02\/20181105_132517.jpg\" alt=\"\" class=\"wp-image-2863\" srcset=\"https:\/\/blog.makila.fr\/voyage-sur-mesure\/wp-content\/uploads\/2019\/02\/20181105_132517.jpg 4032w, https:\/\/blog.makila.fr\/voyage-sur-mesure\/wp-content\/uploads\/2019\/02\/20181105_132517-300x146.jpg 300w, https:\/\/blog.makila.fr\/voyage-sur-mesure\/wp-content\/uploads\/2019\/02\/20181105_132517-768x373.jpg 768w, https:\/\/blog.makila.fr\/voyage-sur-mesure\/wp-content\/uploads\/2019\/02\/20181105_132517-1024x498.jpg 1024w\" sizes=\"(max-width: 4032px) 100vw, 4032px\" \/><figcaption>Les eaux sulfureuses vert \u00e9meraude dans le crat\u00e8re du Llamatepec.<\/figcaption><\/figure><\/div>\n\n\n\n<p><strong>Le Salvador est connu pour son panorama volcanique, quel est le premier sommet que vous avez gravi&nbsp;?<\/strong><\/p>\n\n\n\n<p>C\u2019est le deuxi\u00e8me plus haut du pays. Nous avons fait un trekking jusqu\u2019au sommet du Llamatepec, qu\u2019on appelle aussi Santa Ana, deux heures de marche pour grimper et se retrouver \u00e0 2381 m\u00e8tres d\u2019altitude avec une r\u00e9compense inoubliable \u00e0 l\u2019arriv\u00e9e&nbsp;: la d\u00e9couverte du crat\u00e8re avec ses eaux sulfureuses vert \u00e9meraude et une vue panoramique sur le lac de Coatepeque et les volcans Cerro Verde et Izalco.<\/p>\n\n\n\n<p>Nous sommes alors au plus pr\u00e8s d\u2019un monde min\u00e9ral exceptionnel entour\u00e9s d\u2019un d\u00e9cor unique. On y reste peu de temps parce que le temps peut vite changer comme toute m\u00e9t\u00e9o de montagne mais le spectacle laisse une empreinte vibrante.<\/p>\n\n\n\n<p>Les atouts du Salvador ne sont pas aussi connus que les glaciers Argentin ou les chutes d\u2019Igua\u00e7u ni m\u00eame de la magie de l\u2019histoire d\u2019une civilisation disparue comme au P\u00e9rou, mais c\u2019est un pays o\u00f9 il fait bon vivre, \u00e0 la carib\u00e9enne, le temps s\u2019\u00e9coule paisiblement et la nature semble ravie d\u2019\u00eatre l\u00e0 pour vous.<\/p>\n\n\n\n<p>Il n\u2019y a pas de ch\u00f4mage tout le monde travaille, chacun doit trouver une activit\u00e9 pour manger. Fruits, l\u00e9gumes et fruits de mer sont accessibles pour trois fois rien\u2026.un bonheur de retrouver des produits sains et gouteux&nbsp;!<\/p>\n\n\n\n<div class=\"wp-block-image wp-image-2861 size-full\"><figure class=\"alignleft\"><img loading=\"lazy\" width=\"2560\" height=\"1244\" src=\"https:\/\/blog.makila.fr\/voyage-sur-mesure\/wp-content\/uploads\/2019\/02\/14.jpg\" alt=\"\" class=\"wp-image-2861\" srcset=\"https:\/\/blog.makila.fr\/voyage-sur-mesure\/wp-content\/uploads\/2019\/02\/14.jpg 2560w, https:\/\/blog.makila.fr\/voyage-sur-mesure\/wp-content\/uploads\/2019\/02\/14-300x146.jpg 300w, https:\/\/blog.makila.fr\/voyage-sur-mesure\/wp-content\/uploads\/2019\/02\/14-768x373.jpg 768w, https:\/\/blog.makila.fr\/voyage-sur-mesure\/wp-content\/uploads\/2019\/02\/14-1024x498.jpg 1024w\" sizes=\"(max-width: 2560px) 100vw, 2560px\" \/><figcaption>Le Salvador ravira les voyageurs gourmands.<\/figcaption><\/figure><\/div>\n\n\n\n<p><strong>Racontez-nous les autres points forts de votre voyage, avant Suchitoto vous aviez commenc\u00e9 par Joya del Ceren&nbsp;?<br><\/strong><br>Nous arrivons le jeudi 1<sup>er<\/sup> novembre, il fait tr\u00e8s beau, pr\u00e8s de 30 degr\u00e9s, la meilleure p\u00e9riode pour d\u00e9couvrir le Salvador est de novembre \u00e0 avril. Le Salvador d\u2019aujourd\u2019hui est le fruit de traditions historiques qui puisent aux racines du monde Maya dont les plus belles ruines se trouvent \u00e0 Joya de Ceren. Class\u00e9 par l\u2019Unesco au Patrimoine Mondial de l\u2019Humanit\u00e9, c\u2019est le seul site d\u00e9couvert au monde qui raconte l\u2019habitat rural des mayas.<\/p>\n\n\n\n<p>Il est pr\u00e9serv\u00e9 par les cendres d\u2019une \u00e9ruption volcanique qui date de 1400 ans. Ici on l\u2019appelle le \u00ab&nbsp;Pomp\u00e9i Maya&nbsp;\u00bb. Le site Joya de Ceren a \u00e9t\u00e9 joliment restaur\u00e9, il se tient au c\u0153ur d\u2019un jardin fleuri, avec arbustes, fruits et fleurs, c\u2019est Le site culturel du Salvador.<\/p>\n\n\n\n<blockquote class=\"wp-block-quote\"><p>C\u2019est un pays o\u00f9 il fait bon vivre, \u00e0 la carib\u00e9enne, le temps s\u2019\u00e9coule paisiblement et la nature semble ravie d\u2019\u00eatre l\u00e0 pour vous.<\/p><\/blockquote>\n\n\n\n<p>Autre merveille naturelle du Salvador : le lac de Coatepeque. Cet ancien volcan, dont le crat\u00e8re s\u2019est effondr\u00e9, a cr\u00e9\u00e9 un lac de 3km de diam\u00e8tre, tr\u00e8s profond, aux eaux cristallines de pluie. Je vous conseille \u00e9galement de visiter le petit bijou de Santa Ana&nbsp;son Th\u00e9\u00e2tre n\u00e9ocolonial.<\/p>\n\n\n\n<p>Dimanche 4 novembre, la veille de notre trekking \u00e0 Santa Ana (Llamatepec) nous avons d\u00e9couvert le nord du pays, apr\u00e8s une croisi\u00e8re en ferry sur le lac de Suchitlan, nous visitons des villages typiques comme La Palma, puis nous prenons une route de montagne impressionnante pour atteindre le plus haut sommet du Salvador, le Cerro El Pital.<\/p>\n\n\n\n<p>Apr\u00e8s un pique-nique au sommet, on emprunte la route des fleurs avant une soir\u00e9e \u00e0 Ataco et une nuit \u00e0 la \u00ab&nbsp;Casa de Graciela&nbsp;\u00bb un guest house de luxe comprenant 8 chambres.<\/p>\n\n\n\n<div class=\"wp-block-image wp-image-2865 size-full\"><figure class=\"alignleft\"><img loading=\"lazy\" width=\"4032\" height=\"1960\" src=\"https:\/\/blog.makila.fr\/voyage-sur-mesure\/wp-content\/uploads\/2019\/02\/20181103_101243.jpg\" alt=\"\" class=\"wp-image-2865\" srcset=\"https:\/\/blog.makila.fr\/voyage-sur-mesure\/wp-content\/uploads\/2019\/02\/20181103_101243.jpg 4032w, https:\/\/blog.makila.fr\/voyage-sur-mesure\/wp-content\/uploads\/2019\/02\/20181103_101243-300x146.jpg 300w, https:\/\/blog.makila.fr\/voyage-sur-mesure\/wp-content\/uploads\/2019\/02\/20181103_101243-768x373.jpg 768w, https:\/\/blog.makila.fr\/voyage-sur-mesure\/wp-content\/uploads\/2019\/02\/20181103_101243-1024x498.jpg 1024w\" sizes=\"(max-width: 4032px) 100vw, 4032px\" \/><figcaption>Joya del Ceren, les plus belles ruines du monde Maya.<\/figcaption><\/figure><\/div>\n\n\n\n<p><strong>Le lendemain vous faites ce fameux trekking, le mercredi c\u2019est la journ\u00e9e Baya de Jiquilisco et entre les deux c\u2019est une journ\u00e9e consacr\u00e9e au caf\u00e9 et aux plages du Pacifique, vous avez fait le Canopy Tour&nbsp;?<\/strong><\/p>\n\n\n\n<p>Oui la journ\u00e9e de mardi est riche de sensations fortes et d\u2019\u00e9merveillement.<\/p>\n\n\n\n<p>Au village de Apaneca, nous nous lan\u00e7ons, \u00e0 100 m\u00e8tres au-dessus de la cime des arbres de caf\u00e9, sur les 14 c\u00e2bles du \u00ab&nbsp;Canopy Tour&nbsp;\u00bb. C\u2019est une activit\u00e9 type tyrolienne, vous \u00eates suspendus par un harnais et vous glissez sur les c\u00e2bles, c\u2019est totalement s\u00e9curis\u00e9, adr\u00e9naline garantie&nbsp;!<\/p>\n\n\n\n<p>Nous visitons une Finca de caf\u00e9 pour d\u00e9couvrir le processus de production de ce produit phare de l\u2019exportation salvadorienne, un des meilleurs caf\u00e9s du monde.<\/p>\n\n\n\n<p>D\u00e9part vers la C\u00f4te Pacifique par une jolie route serpentant entre les plantations de caf\u00e9, 80 kms de panoramas s\u2019ouvrent sur l\u2019Oc\u00e9an Pacifique, des falaises et de magnifiques petites plages. Nous d\u00e9jeunons dans le meilleur restaurant de fruits de mers au Sunzal.<\/p>\n\n\n\n<p>Avant de rejoindre la station d\u2019El Tunco, connue mondialement par les surfeurs pour ses belles vagues. C\u2019est le lieu \u00e0 la mode pour les jeunes Salvadoriens, nous s\u00e9journons \u00e0 l\u2019abri de l\u2019animation bruyante dans un des deux h\u00f4tels de luxe, Boca Olas ou Casa de Mar.<\/p>\n\n\n\n<div class=\"wp-block-image size-full wp-image-2862\"><figure class=\"alignleft\"><img loading=\"lazy\" width=\"4032\" height=\"1960\" src=\"https:\/\/blog.makila.fr\/voyage-sur-mesure\/wp-content\/uploads\/2019\/02\/20181109_121908.jpg\" alt=\"\" class=\"wp-image-2862\" srcset=\"https:\/\/blog.makila.fr\/voyage-sur-mesure\/wp-content\/uploads\/2019\/02\/20181109_121908.jpg 4032w, https:\/\/blog.makila.fr\/voyage-sur-mesure\/wp-content\/uploads\/2019\/02\/20181109_121908-300x146.jpg 300w, https:\/\/blog.makila.fr\/voyage-sur-mesure\/wp-content\/uploads\/2019\/02\/20181109_121908-768x373.jpg 768w, https:\/\/blog.makila.fr\/voyage-sur-mesure\/wp-content\/uploads\/2019\/02\/20181109_121908-1024x498.jpg 1024w\" sizes=\"(max-width: 4032px) 100vw, 4032px\" \/><figcaption>Le plaisir de la douceur de vivre au Salvador.<\/figcaption><\/figure><\/div>\n\n\n\n<p><strong>Nous n\u2019associons pas forc\u00e9ment le Salvador \u00e0 la douceur de vivre mais c\u2019est vraiment ce qui ressort de votre r\u00e9cit, c\u2019est votre ressenti&nbsp;?<\/strong><\/p>\n\n\n\n<p>Oui c\u2019est un vrai petit paradis o\u00f9 le temps s\u2019\u00e9coule en douceur. Le soleil est permanent et les plages comme les endroits a priori les plus touristiques sont quasiment vierges, \u00e0 chaque fois que nous arrivons quelque part nous sommes seuls, c\u2019est tr\u00e8s apaisant parce que finalement tr\u00e8s rare.<\/p>\n\n\n\n<p>Apr\u00e8s El Tunco nous arrivons sur une des plus belles plages du Salvador, Maculis, la derni\u00e8re plage de la c\u00f4te orientale du pays, avant le Golfe de Fonseca. Nous avons privatis\u00e9 la casa \u00ab&nbsp;Los Caracoles&nbsp;\u00bb : une maison enti\u00e8rement ouverte sur la plage, avec 4 chambres doubles, de larges terrasses en bois, une petite piscine-jacuzzi au bord des vagues et un rancho de hamacs, le tout directement ouvert sur la plage.<\/p>\n\n\n\n<div class=\"wp-block-image size-full wp-image-2867\"><figure class=\"alignleft\"><img loading=\"lazy\" width=\"4032\" height=\"1960\" src=\"https:\/\/blog.makila.fr\/voyage-sur-mesure\/wp-content\/uploads\/2019\/02\/20181108_174526.jpg\" alt=\"\" class=\"wp-image-2867\" srcset=\"https:\/\/blog.makila.fr\/voyage-sur-mesure\/wp-content\/uploads\/2019\/02\/20181108_174526.jpg 4032w, https:\/\/blog.makila.fr\/voyage-sur-mesure\/wp-content\/uploads\/2019\/02\/20181108_174526-300x146.jpg 300w, https:\/\/blog.makila.fr\/voyage-sur-mesure\/wp-content\/uploads\/2019\/02\/20181108_174526-768x373.jpg 768w, https:\/\/blog.makila.fr\/voyage-sur-mesure\/wp-content\/uploads\/2019\/02\/20181108_174526-1024x498.jpg 1024w\" sizes=\"(max-width: 4032px) 100vw, 4032px\" \/><figcaption>Au coucher du soleil, le Salvador reste plus que jamais un petit paradis.<\/figcaption><\/figure><\/div>\n\n\n\n<p>C\u2019est exactement la douceur de vivre dont nous parlons. Le s\u00e9jour s\u2019ach\u00e8ve par d\u2019autres moments o\u00f9 le temps semble se suspendre, comme la vue spectaculaire du Golfe et des c\u00f4tes du Honduras et du Nicaragua au sommet du volcan de Conchagua avant de rentrer \u00e0 Maculis pour un coucher de soleil somptueux, je ne peux que vous encourager vivement \u00e0 venir construire votre voyage sur-mesure au Salvador avec nous.<\/p>\n\n\n\n<p>Franck Pel\u00e9 \/ Makila Voyages<\/p>\n","protected":false},"excerpt":{"rendered":"<p>De retour du Salvador, Muriel, notre Sp\u00e9cialiste des Am\u00e9riques au sein de l\u2019\u00e9quipe d\u2019experts Makila Voyages, nous fait part de ses impressions apr\u00e8s avoir d\u00e9couvert ce charmant petit pays. Connu pour ses plages vierges bord\u00e9es par le Pacifique, ses paysages volcaniques et ses for\u00eats tropicales, le Salvador et ses magnifiques atouts touristiques ont eu raison [&hellip;]<\/p>\n","protected":false},"author":1,"featured_media":2859,"comment_status":"open","ping_status":"open","sticky":false,"template":"","format":"standard","meta":{"ngg_post_thumbnail":0},"categories":[1],"tags":[],"_links":{"self":[{"href":"https:\/\/blog.makila.fr\/voyage-sur-mesure\/wp-json\/wp\/v2\/posts\/2858"}],"collection":[{"href":"https:\/\/blog.makila.fr\/voyage-sur-mesure\/wp-json\/wp\/v2\/posts"}],"about":[{"href":"https:\/\/blog.makila.fr\/voyage-sur-mesure\/wp-json\/wp\/v2\/types\/post"}],"author":[{"embeddable":true,"href":"https:\/\/blog.makila.fr\/voyage-sur-mesure\/wp-json\/wp\/v2\/users\/1"}],"replies":[{"embeddable":true,"href":"https:\/\/blog.makila.fr\/voyage-sur-mesure\/wp-json\/wp\/v2\/comments?post=2858"}],"version-history":[{"count":7,"href":"https:\/\/blog.makila.fr\/voyage-sur-mesure\/wp-json\/wp\/v2\/posts\/2858\/revisions"}],"predecessor-version":[{"id":3201,"href":"https:\/\/blog.makila.fr\/voyage-sur-mesure\/wp-json\/wp\/v2\/posts\/2858\/revisions\/3201"}],"wp:featuredmedia":[{"embeddable":true,"href":"https:\/\/blog.makila.fr\/voyage-sur-mesure\/wp-json\/wp\/v2\/media\/2859"}],"wp:attachment":[{"href":"https:\/\/blog.makila.fr\/voyage-sur-mesure\/wp-json\/wp\/v2\/media?parent=2858"}],"wp:term":[{"taxonomy":"category","embeddable":true,"href":"https:\/\/blog.makila.fr\/voyage-sur-mesure\/wp-json\/wp\/v2\/categories?post=2858"},{"taxonomy":"post_tag","embeddable":true,"href":"https:\/\/blog.makila.fr\/voyage-sur-mesure\/wp-json\/wp\/v2\/tags?post=2858"}],"curies":[{"name":"wp","href":"https:\/\/api.w.org\/{rel}","templated":true}]}}